{"id":3532,"date":"2024-03-23T12:17:46","date_gmt":"2024-03-23T12:17:46","guid":{"rendered":"https:\/\/challenge-grancanaria.com\/?p=3532"},"modified":"2024-03-23T12:25:02","modified_gmt":"2024-03-23T12:25:02","slug":"el-anfi-challenge-mogan-gran-canaria-activa-la-cuenta-atras","status":"publish","type":"post","link":"https:\/\/challenge-grancanaria.com\/en\/news\/el-anfi-challenge-mogan-gran-canaria-activa-la-cuenta-atras\/","title":{"rendered":"El Anfi Challenge Mog\u00e1n Gran Canaria activa la cuenta atr\u00e1s"},"content":{"rendered":"<p style=\"text-align: left\">El pr\u00f3ximo 20 de abril, Anfi del Mar recibe el \u00fanico triatl\u00f3n internacional de Gran Canaria, con algunos de los mejores triatletas del mundo en la lista de inscritos<\/p>\n<ul style=\"text-align: left\">\n<li>Esta edici\u00f3n 2024 vuelve a reunir en un mismo d\u00eda las modalidades de media distancia, corta distancia y relevo, para una gran fiesta del triatl\u00f3n<\/li>\n<li>1,9 kil\u00f3metros a nado, 90 kil\u00f3metros en bicicleta y 21 kil\u00f3metros a pie: la media distancia repite como prueba reina con m\u00e1ximo nivel<\/li>\n<\/ul>\n<p style=\"text-align: left\">A un mes de que el Anfi Challenge Mog\u00e1n Gran Canaria d\u00e9 su pistoletazo de salida, la maquinaria ya est\u00e1 trabajando a pleno rendimiento en lo que ya se prev\u00e9 una edici\u00f3n \u00e9pica. Con cerca de 40 triatletas PRO ya confirmados, el Anfi Challenge Mog\u00e1n Gran Canaria se reafirma como uno de los triatlones internacionales con mayor n\u00famero de profesionales de todo el mundo.<!--more--><\/p>\n<p><img loading=\"lazy\" decoding=\"async\" class=\"aligncenter wp-image-3533\" src=\"https:\/\/challenge-grancanaria.com\/wp-content\/uploads\/sites\/18\/2024\/03\/challenge-gran-canaria_jmitchell_challengegc_jmitchell_jm319286-300x210.jpg\" alt=\"\" width=\"476\" height=\"333\" srcset=\"https:\/\/challenge-grancanaria.com\/wp-content\/uploads\/sites\/18\/2024\/03\/challenge-gran-canaria_jmitchell_challengegc_jmitchell_jm319286-300x210.jpg 300w, https:\/\/challenge-grancanaria.com\/wp-content\/uploads\/sites\/18\/2024\/03\/challenge-gran-canaria_jmitchell_challengegc_jmitchell_jm319286-1024x718.jpg 1024w, https:\/\/challenge-grancanaria.com\/wp-content\/uploads\/sites\/18\/2024\/03\/challenge-gran-canaria_jmitchell_challengegc_jmitchell_jm319286-768x538.jpg 768w, https:\/\/challenge-grancanaria.com\/wp-content\/uploads\/sites\/18\/2024\/03\/challenge-gran-canaria_jmitchell_challengegc_jmitchell_jm319286-1536x1076.jpg 1536w, https:\/\/challenge-grancanaria.com\/wp-content\/uploads\/sites\/18\/2024\/03\/challenge-gran-canaria_jmitchell_challengegc_jmitchell_jm319286.jpg 2048w\" sizes=\"(max-width: 476px) 100vw, 476px\" \/><\/p>\n<p style=\"text-align: left\">Italia, Alemania, Suiza, Suecia, Canad\u00e1, Venezuela, Estados Unidos, Singapur, Francia, B\u00e9lgica, Australia\u2026 pocos triatlones han logrado acumular la cantidad de pa\u00edses representados, y es que el Anfi Challenge Mog\u00e1n Gran Canaria se ha posicionado como la prueba de arranque de temporada por excelencia, una cita con tiempo primaveral en medio del invierno europeo y un evento ineludible para el reencuentro de la \u00e9lite internacional de esta disciplina para abrir meses de competici\u00f3n.<\/p>\n<p style=\"text-align: left\">El 20 de abril, la isla de Gran Canaria vibrar\u00e1 con la emoci\u00f3n de un triatl\u00f3n sin igual, que ya encara la recta final de inscripciones con cerca de 400 triatletas confirmados y profesionales llegados de todos los rincones del globo. En un mismo d\u00eda, Anfi del Mar se convertir\u00e1 en el epicentro del triatl\u00f3n mundial, con una apuesta firme por ofrecer el mejor espect\u00e1culo deportivo uniendo en una misma jornada la media distancia, distancia corta y relevos.<\/p>\n<p style=\"text-align: left\">Con 1,9 kil\u00f3metros a nado, 90 kil\u00f3metros en bicicleta y 21 kil\u00f3metros a pie, la media distancia repite como prueba reina, que servir\u00e1 para que cerca de medio centenar de profesionales den comienzo a la temporada como la primera prueba del a\u00f1o y la prueba de fuego para varios meses de competici\u00f3n internacional.<\/p>\n<p style=\"text-align: left\">Estar\u00e1n los mejores del mundo. La l\u00ednea de salida del Anfi Challenge Mog\u00e1n Gran Canaria ser\u00e1 un desfile de campeones y campeonas un a\u00f1o m\u00e1s, mostrando Anfi del Mar, Mog\u00e1n y la isla como destino \u00e9lite de competici\u00f3n deportiva. En la distancia corta, los canarios\u00a0tendr\u00e1n que dar lo mejor de s\u00ed mismos para hacerse con el\u00a0 t\u00edtulo, porque ya hay grandes rivales confirmados llegados de diferentes lugares del mundo contra los que tendr\u00e1n que pelear para ser los m\u00e1s r\u00e1pidos en cruzar la meta y que el t\u00edtulo quede en casa.<\/p>\n<p>&nbsp;<\/p>\n<p style=\"text-align: left\"><strong>Un circuito \u00fanico en el mundo<\/strong><\/p>\n<p style=\"text-align: left\">Desde antes del amanecer la emoci\u00f3n ya se respira en el ambiente. El\u00a0 Anfi Challenge Mog\u00e1n Gran Canaria es magia y expectaci\u00f3n que instala desde desde primera hora para abrir un circuito \u00fanico en el mundo. Con unas condiciones de seguridad y calidad que no tienen rival,\u00a0 este refugio c\u00e1lido en pleno invierno ofrece un segmento de nataci\u00f3n de 1.900 metros, que parte de la playa de arena blanca de Anfi del Mar, en un recorrido de dos vueltas con salida y llegada en este punto de la costa grancanaria. Desde el centro de la playa, el mejor destino del mundo para el triatl\u00f3n muestra su mejor cara, para llenar de emoci\u00f3n toda la bah\u00eda y llenar de p\u00fablico todo el recorrido del circuito.<\/p>\n<p style=\"text-align: left\">Duro, exigente y din\u00e1mico, el circuito de la bicicleta es la estrella del d\u00eda. \u00a0Es una prueba de resistencia, envuelta en vistas espectaculares, escaladas y descensos que obliga a los triatletas a equilibrar la estrategia con el rendimiento deportivo para plantarle cara a recorrido desafiante.<\/p>\n<p style=\"text-align: left\">Arropado e aplausos y el calor del p\u00fablico residente y extranjero que cada a\u00f1o se acerca a animar a los cientos de triatletas,\u00a0 la \u00faltima etapa de la media distancia es una\u00a0carrera de 21 kil\u00f3metros en 5 vueltas, con salida y meta en la playa de Anfi. Con vistas al mar y con meta en la ic\u00f3nica Isla de Anfi del Mar, la carrera a pie es el\u00a0 empuj\u00f3n definitivo para los triatletas y un momento de m\u00e1xima emoci\u00f3n donde todo puede darse la vuelta. Estos \u00faltimos minutos decisivos \u00a0llevan a los triatletas a la l\u00ednea de meta, donde se decidir\u00e1 quien marca el pulso en la primera prueba internacional de la temporada.<\/p>\n<p style=\"text-align: left\">\n","protected":false},"excerpt":{"rendered":"<p>El pr\u00f3ximo 20 de abril, Anfi del Mar recibe el \u00fanico triatl\u00f3n internacional de Gran Canaria, con algunos de los mejores triatletas del mundo en la lista de inscritos Esta edici\u00f3n 2024 vuelve a reunir en un mismo d\u00eda las modalidades de media distancia, corta distancia y relevo, para una gran fiesta del triatl\u00f3n 1,9 [&hellip;]<\/p>\n","protected":false},"author":24,"featured_media":3451,"comment_status":"closed","ping_status":"closed","sticky":false,"template":"","format":"standard","meta":{"footnotes":""},"categories":[32],"tags":[],"class_list":["post-3532","post","type-post","status-publish","format-standard","has-post-thumbnail","hentry","category-noticias"],"yoast_head":"<!-- This site is optimized with the Yoast SEO plugin v25.6 - https:\/\/yoast.com\/wordpress\/plugins\/seo\/ -->\n<title>El Anfi Challenge Mog\u00e1n Gran Canaria activa la cuenta atr\u00e1s - Anfi Challenge Mogan - Gran Canaria<\/title>\n<meta name=\"robots\" content=\"index, follow, max-snippet:-1, max-image-preview:large, max-video-preview:-1\" \/>\n<link rel=\"canonical\" href=\"https:\/\/challenge-grancanaria.com\/news\/el-anfi-challenge-mogan-gran-canaria-activa-la-cuenta-atras\/\" \/>\n<meta property=\"og:locale\" content=\"en_US\" \/>\n<meta property=\"og:type\" content=\"article\" \/>\n<meta property=\"og:title\" content=\"El Anfi Challenge Mog\u00e1n Gran Canaria activa la cuenta atr\u00e1s - Anfi Challenge Mogan - Gran Canaria\" \/>\n<meta property=\"og:description\" content=\"El pr\u00f3ximo 20 de abril, Anfi del Mar recibe el \u00fanico triatl\u00f3n internacional de Gran Canaria, con algunos de los mejores triatletas del mundo en la lista de inscritos Esta edici\u00f3n 2024 vuelve a reunir en un mismo d\u00eda las modalidades de media distancia, corta distancia y relevo, para una gran fiesta del triatl\u00f3n 1,9 [&hellip;]\" \/>\n<meta property=\"og:url\" content=\"https:\/\/challenge-grancanaria.com\/news\/el-anfi-challenge-mogan-gran-canaria-activa-la-cuenta-atras\/\" \/>\n<meta property=\"og:site_name\" content=\"Anfi Challenge Mogan - Gran Canaria\" \/>\n<meta property=\"article:published_time\" content=\"2024-03-23T12:17:46+00:00\" \/>\n<meta property=\"article:modified_time\" content=\"2024-03-23T12:25:02+00:00\" \/>\n<meta property=\"og:image\" content=\"https:\/\/challenge-grancanaria.com\/wp-content\/uploads\/sites\/18\/2023\/04\/anne-haug-e1749296215587.jpg\" \/>\n\t<meta property=\"og:image:width\" content=\"1280\" \/>\n\t<meta property=\"og:image:height\" content=\"722\" \/>\n\t<meta property=\"og:image:type\" content=\"image\/jpeg\" \/>\n<meta name=\"author\" content=\"Challenge Canarias\" \/>\n<meta name=\"twitter:card\" content=\"summary_large_image\" \/>\n<meta name=\"twitter:label1\" content=\"Written by\" \/>\n\t<meta name=\"twitter:data1\" content=\"Challenge Canarias\" \/>\n\t<meta name=\"twitter:label2\" content=\"Est. reading time\" \/>\n\t<meta name=\"twitter:data2\" content=\"4 minutes\" \/>\n<script type=\"application\/ld+json\" class=\"yoast-schema-graph\">{\"@context\":\"https:\/\/schema.org\",\"@graph\":[{\"@type\":\"WebPage\",\"@id\":\"https:\/\/challenge-grancanaria.com\/news\/el-anfi-challenge-mogan-gran-canaria-activa-la-cuenta-atras\/\",\"url\":\"https:\/\/challenge-grancanaria.com\/news\/el-anfi-challenge-mogan-gran-canaria-activa-la-cuenta-atras\/\",\"name\":\"El Anfi Challenge Mog\u00e1n Gran Canaria activa la cuenta atr\u00e1s - Anfi Challenge Mogan - Gran Canaria\",\"isPartOf\":{\"@id\":\"https:\/\/challenge-grancanaria.com\/#website\"},\"primaryImageOfPage\":{\"@id\":\"https:\/\/challenge-grancanaria.com\/news\/el-anfi-challenge-mogan-gran-canaria-activa-la-cuenta-atras\/#primaryimage\"},\"image\":{\"@id\":\"https:\/\/challenge-grancanaria.com\/news\/el-anfi-challenge-mogan-gran-canaria-activa-la-cuenta-atras\/#primaryimage\"},\"thumbnailUrl\":\"https:\/\/challenge-grancanaria.com\/wp-content\/uploads\/sites\/18\/2023\/04\/anne-haug-e1749296215587.jpg\",\"datePublished\":\"2024-03-23T12:17:46+00:00\",\"dateModified\":\"2024-03-23T12:25:02+00:00\",\"author\":{\"@id\":\"https:\/\/challenge-grancanaria.com\/#\/schema\/person\/0db66cb64684e650770370a52770ee1c\"},\"breadcrumb\":{\"@id\":\"https:\/\/challenge-grancanaria.com\/news\/el-anfi-challenge-mogan-gran-canaria-activa-la-cuenta-atras\/#breadcrumb\"},\"inLanguage\":\"en-US\",\"potentialAction\":[{\"@type\":\"ReadAction\",\"target\":[\"https:\/\/challenge-grancanaria.com\/news\/el-anfi-challenge-mogan-gran-canaria-activa-la-cuenta-atras\/\"]}]},{\"@type\":\"ImageObject\",\"inLanguage\":\"en-US\",\"@id\":\"https:\/\/challenge-grancanaria.com\/news\/el-anfi-challenge-mogan-gran-canaria-activa-la-cuenta-atras\/#primaryimage\",\"url\":\"https:\/\/challenge-grancanaria.com\/wp-content\/uploads\/sites\/18\/2023\/04\/anne-haug-e1749296215587.jpg\",\"contentUrl\":\"https:\/\/challenge-grancanaria.com\/wp-content\/uploads\/sites\/18\/2023\/04\/anne-haug-e1749296215587.jpg\",\"width\":1280,\"height\":722},{\"@type\":\"BreadcrumbList\",\"@id\":\"https:\/\/challenge-grancanaria.com\/news\/el-anfi-challenge-mogan-gran-canaria-activa-la-cuenta-atras\/#breadcrumb\",\"itemListElement\":[{\"@type\":\"ListItem\",\"position\":1,\"name\":\"Home\",\"item\":\"https:\/\/challenge-grancanaria.com\/en\/\"},{\"@type\":\"ListItem\",\"position\":2,\"name\":\"El Anfi Challenge Mog\u00e1n Gran Canaria activa la cuenta atr\u00e1s\"}]},{\"@type\":\"WebSite\",\"@id\":\"https:\/\/challenge-grancanaria.com\/#website\",\"url\":\"https:\/\/challenge-grancanaria.com\/\",\"name\":\"Anfi Challenge Mogan - Gran Canaria\",\"description\":\"We are triathlon\",\"potentialAction\":[{\"@type\":\"SearchAction\",\"target\":{\"@type\":\"EntryPoint\",\"urlTemplate\":\"https:\/\/challenge-grancanaria.com\/?s={search_term_string}\"},\"query-input\":{\"@type\":\"PropertyValueSpecification\",\"valueRequired\":true,\"valueName\":\"search_term_string\"}}],\"inLanguage\":\"en-US\"},{\"@type\":\"Person\",\"@id\":\"https:\/\/challenge-grancanaria.com\/#\/schema\/person\/0db66cb64684e650770370a52770ee1c\",\"name\":\"Challenge Canarias\",\"image\":{\"@type\":\"ImageObject\",\"inLanguage\":\"en-US\",\"@id\":\"https:\/\/challenge-grancanaria.com\/#\/schema\/person\/image\/\",\"url\":\"https:\/\/secure.gravatar.com\/avatar\/4ead8c32fe4b679a78b03c2dc1d3661a?s=96&d=mm&r=g\",\"contentUrl\":\"https:\/\/secure.gravatar.com\/avatar\/4ead8c32fe4b679a78b03c2dc1d3661a?s=96&d=mm&r=g\",\"caption\":\"Challenge Canarias\"},\"url\":\"https:\/\/challenge-grancanaria.com\/en\/news\/author\/jordi\/\"}]}<\/script>\n<!-- \/ Yoast SEO plugin. -->","yoast_head_json":{"title":"El Anfi Challenge Mog\u00e1n Gran Canaria activa la cuenta atr\u00e1s - Anfi Challenge Mogan - Gran Canaria","robots":{"index":"index","follow":"follow","max-snippet":"max-snippet:-1","max-image-preview":"max-image-preview:large","max-video-preview":"max-video-preview:-1"},"canonical":"https:\/\/challenge-grancanaria.com\/news\/el-anfi-challenge-mogan-gran-canaria-activa-la-cuenta-atras\/","og_locale":"en_US","og_type":"article","og_title":"El Anfi Challenge Mog\u00e1n Gran Canaria activa la cuenta atr\u00e1s - Anfi Challenge Mogan - Gran Canaria","og_description":"El pr\u00f3ximo 20 de abril, Anfi del Mar recibe el \u00fanico triatl\u00f3n internacional de Gran Canaria, con algunos de los mejores triatletas del mundo en la lista de inscritos Esta edici\u00f3n 2024 vuelve a reunir en un mismo d\u00eda las modalidades de media distancia, corta distancia y relevo, para una gran fiesta del triatl\u00f3n 1,9 [&hellip;]","og_url":"https:\/\/challenge-grancanaria.com\/news\/el-anfi-challenge-mogan-gran-canaria-activa-la-cuenta-atras\/","og_site_name":"Anfi Challenge Mogan - Gran Canaria","article_published_time":"2024-03-23T12:17:46+00:00","article_modified_time":"2024-03-23T12:25:02+00:00","og_image":[{"width":1280,"height":722,"url":"https:\/\/challenge-grancanaria.com\/wp-content\/uploads\/sites\/18\/2023\/04\/anne-haug-e1749296215587.jpg","type":"image\/jpeg"}],"author":"Challenge Canarias","twitter_card":"summary_large_image","twitter_misc":{"Written by":"Challenge Canarias","Est. reading time":"4 minutes"},"schema":{"@context":"https:\/\/schema.org","@graph":[{"@type":"WebPage","@id":"https:\/\/challenge-grancanaria.com\/news\/el-anfi-challenge-mogan-gran-canaria-activa-la-cuenta-atras\/","url":"https:\/\/challenge-grancanaria.com\/news\/el-anfi-challenge-mogan-gran-canaria-activa-la-cuenta-atras\/","name":"El Anfi Challenge Mog\u00e1n Gran Canaria activa la cuenta atr\u00e1s - Anfi Challenge Mogan - Gran Canaria","isPartOf":{"@id":"https:\/\/challenge-grancanaria.com\/#website"},"primaryImageOfPage":{"@id":"https:\/\/challenge-grancanaria.com\/news\/el-anfi-challenge-mogan-gran-canaria-activa-la-cuenta-atras\/#primaryimage"},"image":{"@id":"https:\/\/challenge-grancanaria.com\/news\/el-anfi-challenge-mogan-gran-canaria-activa-la-cuenta-atras\/#primaryimage"},"thumbnailUrl":"https:\/\/challenge-grancanaria.com\/wp-content\/uploads\/sites\/18\/2023\/04\/anne-haug-e1749296215587.jpg","datePublished":"2024-03-23T12:17:46+00:00","dateModified":"2024-03-23T12:25:02+00:00","author":{"@id":"https:\/\/challenge-grancanaria.com\/#\/schema\/person\/0db66cb64684e650770370a52770ee1c"},"breadcrumb":{"@id":"https:\/\/challenge-grancanaria.com\/news\/el-anfi-challenge-mogan-gran-canaria-activa-la-cuenta-atras\/#breadcrumb"},"inLanguage":"en-US","potentialAction":[{"@type":"ReadAction","target":["https:\/\/challenge-grancanaria.com\/news\/el-anfi-challenge-mogan-gran-canaria-activa-la-cuenta-atras\/"]}]},{"@type":"ImageObject","inLanguage":"en-US","@id":"https:\/\/challenge-grancanaria.com\/news\/el-anfi-challenge-mogan-gran-canaria-activa-la-cuenta-atras\/#primaryimage","url":"https:\/\/challenge-grancanaria.com\/wp-content\/uploads\/sites\/18\/2023\/04\/anne-haug-e1749296215587.jpg","contentUrl":"https:\/\/challenge-grancanaria.com\/wp-content\/uploads\/sites\/18\/2023\/04\/anne-haug-e1749296215587.jpg","width":1280,"height":722},{"@type":"BreadcrumbList","@id":"https:\/\/challenge-grancanaria.com\/news\/el-anfi-challenge-mogan-gran-canaria-activa-la-cuenta-atras\/#breadcrumb","itemListElement":[{"@type":"ListItem","position":1,"name":"Home","item":"https:\/\/challenge-grancanaria.com\/en\/"},{"@type":"ListItem","position":2,"name":"El Anfi Challenge Mog\u00e1n Gran Canaria activa la cuenta atr\u00e1s"}]},{"@type":"WebSite","@id":"https:\/\/challenge-grancanaria.com\/#website","url":"https:\/\/challenge-grancanaria.com\/","name":"Anfi Challenge Mogan - Gran Canaria","description":"We are triathlon","potentialAction":[{"@type":"SearchAction","target":{"@type":"EntryPoint","urlTemplate":"https:\/\/challenge-grancanaria.com\/?s={search_term_string}"},"query-input":{"@type":"PropertyValueSpecification","valueRequired":true,"valueName":"search_term_string"}}],"inLanguage":"en-US"},{"@type":"Person","@id":"https:\/\/challenge-grancanaria.com\/#\/schema\/person\/0db66cb64684e650770370a52770ee1c","name":"Challenge Canarias","image":{"@type":"ImageObject","inLanguage":"en-US","@id":"https:\/\/challenge-grancanaria.com\/#\/schema\/person\/image\/","url":"https:\/\/secure.gravatar.com\/avatar\/4ead8c32fe4b679a78b03c2dc1d3661a?s=96&d=mm&r=g","contentUrl":"https:\/\/secure.gravatar.com\/avatar\/4ead8c32fe4b679a78b03c2dc1d3661a?s=96&d=mm&r=g","caption":"Challenge Canarias"},"url":"https:\/\/challenge-grancanaria.com\/en\/news\/author\/jordi\/"}]}},"_links":{"self":[{"href":"https:\/\/challenge-grancanaria.com\/en\/wp-json\/wp\/v2\/posts\/3532"}],"collection":[{"href":"https:\/\/challenge-grancanaria.com\/en\/wp-json\/wp\/v2\/posts"}],"about":[{"href":"https:\/\/challenge-grancanaria.com\/en\/wp-json\/wp\/v2\/types\/post"}],"author":[{"embeddable":true,"href":"https:\/\/challenge-grancanaria.com\/en\/wp-json\/wp\/v2\/users\/24"}],"replies":[{"embeddable":true,"href":"https:\/\/challenge-grancanaria.com\/en\/wp-json\/wp\/v2\/comments?post=3532"}],"version-history":[{"count":1,"href":"https:\/\/challenge-grancanaria.com\/en\/wp-json\/wp\/v2\/posts\/3532\/revisions"}],"predecessor-version":[{"id":3535,"href":"https:\/\/challenge-grancanaria.com\/en\/wp-json\/wp\/v2\/posts\/3532\/revisions\/3535"}],"wp:featuredmedia":[{"embeddable":true,"href":"https:\/\/challenge-grancanaria.com\/en\/wp-json\/wp\/v2\/media\/3451"}],"wp:attachment":[{"href":"https:\/\/challenge-grancanaria.com\/en\/wp-json\/wp\/v2\/media?parent=3532"}],"wp:term":[{"taxonomy":"category","embeddable":true,"href":"https:\/\/challenge-grancanaria.com\/en\/wp-json\/wp\/v2\/categories?post=3532"},{"taxonomy":"post_tag","embeddable":true,"href":"https:\/\/challenge-grancanaria.com\/en\/wp-json\/wp\/v2\/tags?post=3532"}],"curies":[{"name":"wp","href":"https:\/\/api.w.org\/{rel}","templated":true}]}}