{"id":3096,"date":"2023-04-22T14:11:41","date_gmt":"2023-04-22T14:11:41","guid":{"rendered":"https:\/\/challenge-grancanaria.com\/?p=3096"},"modified":"2023-04-22T14:11:41","modified_gmt":"2023-04-22T14:11:41","slug":"laidlow-y-haug-imbatibles-en-el-anfi-challenge-mogan-gran-canaria","status":"publish","type":"post","link":"https:\/\/challenge-grancanaria.com\/en\/news\/laidlow-y-haug-imbatibles-en-el-anfi-challenge-mogan-gran-canaria\/","title":{"rendered":"Laidlow y Haug, imbatibles en el Anfi Challenge Mog\u00e1n Gran Canaria"},"content":{"rendered":"<p><img loading=\"lazy\" decoding=\"async\" class=\"aligncenter size-medium wp-image-3097\" src=\"https:\/\/challenge-grancanaria.com\/wp-content\/uploads\/sites\/18\/2023\/04\/sam-laidlow-2-225x300.jpg\" alt=\"\" width=\"225\" height=\"300\" srcset=\"https:\/\/challenge-grancanaria.com\/wp-content\/uploads\/sites\/18\/2023\/04\/sam-laidlow-2-225x300.jpg 225w, https:\/\/challenge-grancanaria.com\/wp-content\/uploads\/sites\/18\/2023\/04\/sam-laidlow-2-766x1024.jpg 766w, https:\/\/challenge-grancanaria.com\/wp-content\/uploads\/sites\/18\/2023\/04\/sam-laidlow-2-768x1026.jpg 768w, https:\/\/challenge-grancanaria.com\/wp-content\/uploads\/sites\/18\/2023\/04\/sam-laidlow-2-1150x1536.jpg 1150w, https:\/\/challenge-grancanaria.com\/wp-content\/uploads\/sites\/18\/2023\/04\/sam-laidlow-2.jpg 1160w\" sizes=\"(max-width: 225px) 100vw, 225px\" \/>Dijo que ten\u00eda una cuenta pendiente con Gran Canaria y ha logrado sacarse la espinita. El triatleta franc\u00e9s <strong>Sam Laidlow<\/strong> ha protagonizado una emocionante carrera contra varios de los mejores triatletas del mundo, en una batalla hasta el \u00faltimo minuto para decidir el podio. La alemana <strong>Anne Haug<\/strong> no ha tenido competencia en el Anfi Challenge Mog\u00e1n Gran Canaria, encabezando la carrera en todo momento y mostr\u00e1ndose imbatible.<\/p>\n<p>El Anfi Challenge Mog\u00e1n Gran Canaria ha reunido en la isla a los campeones de campeones, la \u00e9lite del triatl\u00f3n mundial, con cuatro de los 12 mejores hombres del ranking PTO. Duro y exigente, el recorrido del Anfi Challenge Mog\u00e1n Gran Canaria coron\u00f3 a Sam Laidlow (3.40.27) y Anne Haug (4.05.38) como los l\u00edderes de la media distancia, abriendo con el mejor sabor de boca la temporada internacional 2023.<\/p>\n<p>Sam Laidlow, que apuntaba a subirse al podio en 2021 junto a Jan Frodeno vio su escalada truncada por un choque en la bici, y hoy ha resuelto su deuda con la isla. El franc\u00e9s tuvo una dura batalla contra <strong>Mathis Margirier<\/strong> (3.40.40) y <strong>Aaron Royle<\/strong> (3.41.40), mientras que Anne Haug estuvo acompa\u00f1ada en el podio de <strong>Diede Diederiks<\/strong> (4.17-52) en segunda posici\u00f3n y <strong>Megan McDonald<\/strong> en tercera (4.18.34).<\/p>\n<p>La nataci\u00f3n fue marcando los primeros tiempos, con Aaron Royle a la cabeza como era de esperar con un impresionante 23:18, aunque solo dos segundos por delante de Magnus M\u00e4nner. Alessandro Fabian, Patrick Lange, Sam Laidlow y Jan Stratman salieron juntos a apenas medio minuto de la cabeza de carrera, lo que ya era garant\u00eda de un impactante circuito de ciclismo en el que Royle, Stratmann, Laidlow y Margirier se impusieron con firmeza.<\/p>\n<p>En la T2, el cambio de bicicleta a carrera, ya ten\u00edan una ventaja de cinco minutos sobre el pelot\u00f3n y el circuito a pie se torn\u00f3 decisivo. El Anfi Challenge Mog\u00e1n Gran Canaria ha vivido una de las carreras m\u00e1s emocionantes de la temporada, entre cuatro titanes del triatl\u00f3n. Tras un circuito de bicicleta exigente, la carrera a pie era la clave para el t\u00edtulo, bajo el cielo azul de Anfi del Mar y un calor que apret\u00f3 a\u00fan m\u00e1s el reto. Royle mostr\u00f3 su destreza en la carrera a pie, pero Laidlow logr\u00f3 alcanzarle en el kil\u00f3metro 7 con su compatriota franc\u00e9s Magirier pis\u00e1ndole los talones. Los \u00faltimos kil\u00f3metros fueron una batalla \u00e9pica entre los dos franceses, que finalmente se decant\u00f3 por Laidlow. \u201cEs momento de ganar\u201d, exclam\u00f3 en meta.<\/p>\n<p>&#8220;Fue duro&#8221;, ha confesado Laidlow. &#8220;Me sent\u00ed fatal en la nataci\u00f3n y en la bicicleta, con muchos calambres. Es complicado cuando es la primera carrera de la temporada. Estoy muy orgulloso, me dec\u00eda a m\u00ed mismo que ten\u00eda que correr con agresividad y estoy muy contento\u201d. Como ha detallado, \u201cMathis me ha presionado mucho hoy, nos conocemos desde que \u00e9ramos ni\u00f1os. Gracias a \u00e9l y a Jan Stratmann nos hemos escapado&#8221;. <img loading=\"lazy\" decoding=\"async\" class=\"aligncenter size-medium wp-image-3098\" src=\"https:\/\/challenge-grancanaria.com\/wp-content\/uploads\/sites\/18\/2023\/04\/anne-haug-300x203.jpg\" alt=\"\" width=\"300\" height=\"203\" srcset=\"https:\/\/challenge-grancanaria.com\/wp-content\/uploads\/sites\/18\/2023\/04\/anne-haug-300x203.jpg 300w, https:\/\/challenge-grancanaria.com\/wp-content\/uploads\/sites\/18\/2023\/04\/anne-haug-1024x692.jpg 1024w, https:\/\/challenge-grancanaria.com\/wp-content\/uploads\/sites\/18\/2023\/04\/anne-haug-768x519.jpg 768w, https:\/\/challenge-grancanaria.com\/wp-content\/uploads\/sites\/18\/2023\/04\/anne-haug-1536x1039.jpg 1536w, https:\/\/challenge-grancanaria.com\/wp-content\/uploads\/sites\/18\/2023\/04\/anne-haug.jpg 1618w\" sizes=\"(max-width: 300px) 100vw, 300px\" \/><\/p>\n<p>Aunque Anne Haug, tuvo dos intentos fallidos de competir en Gran Canaria, a la tercera va la vencida y esta vez no habr\u00eda otra reina que ella. Aunque en la nataci\u00f3n Caroline Pohle fue la m\u00e1s r\u00e1pida con 26:22, a los 30 minutos de pedalear, Haug ya la hab\u00eda alcanzado y se coloc\u00f3 en cabeza. Desde ese momento no tuvo rival, ampliando su ventaja hasta superar los cuatro minutos en la T2. Aunque Ruth Astle la sigui\u00f3 de cerca por un tiempo, Haug se hizo con una victoria s\u00f3lida, seguida de Diede Diederiks y Megan McDonald.<\/p>\n<p>&#8220;Una carrera es una carrera y siempre hay que hacer un buen papel&#8221;, ha dicho Haug. &#8220;Mi nataci\u00f3n estuvo bien, intent\u00e9 mantenerme cerca de Caroline y me esforc\u00e9 al m\u00e1ximo, tambi\u00e9n la bicicleta fue dura y dif\u00edcil\u201d, aunque \u201cla carrera a pie fue genial\u201d y eso marc\u00f3 la diferencia. \u201cSe corre junto a la playa, el p\u00fablico estuvo incre\u00edble y apoyando todo el camino. Estoy muy contenta\u201d, ha confesado.<\/p>\n<h3 style=\"text-align: center\"><b class=\"\"><span class=\"\">Balli y P\u00e9rez Almeida, l\u00edderes de la corta distancia<br class=\"\" \/><\/span><\/b><\/h3>\n<p>La corta distancia ha estado liderada de principio a fin por la destreza canaria, con <strong>Karim Balli <\/strong>a la cabeza con un tiempo de 2.29.59 coron\u00e1ndose como el campe\u00f3n. El triatleta local Willy Garc\u00eda repiti\u00f3 con un gran papel, apenas unos segundos por detr\u00e1s del l\u00edder con 2.30.28 de tiempo final. Cerr\u00f3 el crono de la distancia corta An\u00edbal Romay en tercera posici\u00f3n, parando el crono en 2.42.37.<img loading=\"lazy\" decoding=\"async\" class=\"aligncenter size-medium wp-image-3099\" src=\"https:\/\/challenge-grancanaria.com\/wp-content\/uploads\/sites\/18\/2023\/04\/podio-distancia-corta-222x300.jpg\" alt=\"\" width=\"222\" height=\"300\" srcset=\"https:\/\/challenge-grancanaria.com\/wp-content\/uploads\/sites\/18\/2023\/04\/podio-distancia-corta-222x300.jpg 222w, https:\/\/challenge-grancanaria.com\/wp-content\/uploads\/sites\/18\/2023\/04\/podio-distancia-corta-758x1024.jpg 758w, https:\/\/challenge-grancanaria.com\/wp-content\/uploads\/sites\/18\/2023\/04\/podio-distancia-corta-768x1037.jpg 768w, https:\/\/challenge-grancanaria.com\/wp-content\/uploads\/sites\/18\/2023\/04\/podio-distancia-corta-1138x1536.jpg 1138w, https:\/\/challenge-grancanaria.com\/wp-content\/uploads\/sites\/18\/2023\/04\/podio-distancia-corta.jpg 1142w\" sizes=\"(max-width: 222px) 100vw, 222px\" \/><img loading=\"lazy\" decoding=\"async\" class=\"aligncenter size-medium wp-image-3100\" src=\"https:\/\/challenge-grancanaria.com\/wp-content\/uploads\/sites\/18\/2023\/04\/podio-distancia-corta-fem-224x300.jpg\" alt=\"\" width=\"224\" height=\"300\" srcset=\"https:\/\/challenge-grancanaria.com\/wp-content\/uploads\/sites\/18\/2023\/04\/podio-distancia-corta-fem-224x300.jpg 224w, https:\/\/challenge-grancanaria.com\/wp-content\/uploads\/sites\/18\/2023\/04\/podio-distancia-corta-fem-763x1024.jpg 763w, https:\/\/challenge-grancanaria.com\/wp-content\/uploads\/sites\/18\/2023\/04\/podio-distancia-corta-fem-768x1031.jpg 768w, https:\/\/challenge-grancanaria.com\/wp-content\/uploads\/sites\/18\/2023\/04\/podio-distancia-corta-fem-1145x1536.jpg 1145w, https:\/\/challenge-grancanaria.com\/wp-content\/uploads\/sites\/18\/2023\/04\/podio-distancia-corta-fem.jpg 1146w\" sizes=\"(max-width: 224px) 100vw, 224px\" \/><\/p>\n<p>En femenino, <strong>Luc\u00eda P\u00e9rez Almeida<\/strong> fue la gran vencedora, con una ventaja s\u00f3lida y estable toda la carrera. Aplaudida por los miles de aficionados que arroparon la carrera, P\u00e9rez Almeida ya logr\u00f3 sacar ocho minutos de ventaja a su rival en la nataci\u00f3n, lo que la coloc\u00f3 firme en la cabeza de la carrera hasta el final. La acompa\u00f1aron en el podio Marta Keller (3.03.09) y Elisabeth Solero (3.06.08).<\/p>\n","protected":false},"excerpt":{"rendered":"<p>Dijo que ten\u00eda una cuenta pendiente con Gran Canaria y ha logrado sacarse la espinita. El triatleta franc\u00e9s Sam Laidlow ha protagonizado una emocionante carrera contra varios de los mejores triatletas del mundo, en una batalla hasta el \u00faltimo minuto para decidir el podio. La alemana Anne Haug no ha tenido competencia en el Anfi [&hellip;]<\/p>\n","protected":false},"author":24,"featured_media":3102,"comment_status":"closed","ping_status":"closed","sticky":false,"template":"","format":"standard","meta":{"footnotes":""},"categories":[32],"tags":[58,52,86,53,51,63],"class_list":["post-3096","post","type-post","status-publish","format-standard","has-post-thumbnail","hentry","category-noticias","tag-bike-sensation","tag-challenge","tag-challengeshopcanarias","tag-gran-canaria","tag-triathlon","tag-triatlon"],"yoast_head":"<!-- This site is optimized with the Yoast SEO plugin v25.6 - https:\/\/yoast.com\/wordpress\/plugins\/seo\/ -->\n<title>Laidlow y Haug, imbatibles en el Anfi Challenge Mog\u00e1n Gran Canaria - Anfi Challenge Mogan - Gran Canaria<\/title>\n<meta name=\"robots\" content=\"index, follow, max-snippet:-1, max-image-preview:large, max-video-preview:-1\" \/>\n<link rel=\"canonical\" href=\"https:\/\/challenge-grancanaria.com\/news\/laidlow-y-haug-imbatibles-en-el-anfi-challenge-mogan-gran-canaria\/\" \/>\n<meta property=\"og:locale\" content=\"en_US\" \/>\n<meta property=\"og:type\" content=\"article\" \/>\n<meta property=\"og:title\" content=\"Laidlow y Haug, imbatibles en el Anfi Challenge Mog\u00e1n Gran Canaria - Anfi Challenge Mogan - Gran Canaria\" \/>\n<meta property=\"og:description\" content=\"Dijo que ten\u00eda una cuenta pendiente con Gran Canaria y ha logrado sacarse la espinita. El triatleta franc\u00e9s Sam Laidlow ha protagonizado una emocionante carrera contra varios de los mejores triatletas del mundo, en una batalla hasta el \u00faltimo minuto para decidir el podio. La alemana Anne Haug no ha tenido competencia en el Anfi [&hellip;]\" \/>\n<meta property=\"og:url\" content=\"https:\/\/challenge-grancanaria.com\/news\/laidlow-y-haug-imbatibles-en-el-anfi-challenge-mogan-gran-canaria\/\" \/>\n<meta property=\"og:site_name\" content=\"Anfi Challenge Mogan - Gran Canaria\" \/>\n<meta property=\"article:published_time\" content=\"2023-04-22T14:11:41+00:00\" \/>\n<meta property=\"og:image\" content=\"https:\/\/challenge-grancanaria.com\/wp-content\/uploads\/sites\/18\/2023\/04\/sam-laidlow.jpg\" \/>\n\t<meta property=\"og:image:width\" content=\"1634\" \/>\n\t<meta property=\"og:image:height\" content=\"1098\" \/>\n\t<meta property=\"og:image:type\" content=\"image\/jpeg\" \/>\n<meta name=\"author\" content=\"Challenge Canarias\" \/>\n<meta name=\"twitter:card\" content=\"summary_large_image\" \/>\n<meta name=\"twitter:label1\" content=\"Written by\" \/>\n\t<meta name=\"twitter:data1\" content=\"Challenge Canarias\" \/>\n\t<meta name=\"twitter:label2\" content=\"Est. reading time\" \/>\n\t<meta name=\"twitter:data2\" content=\"5 minutes\" \/>\n<script type=\"application\/ld+json\" class=\"yoast-schema-graph\">{\"@context\":\"https:\/\/schema.org\",\"@graph\":[{\"@type\":\"WebPage\",\"@id\":\"https:\/\/challenge-grancanaria.com\/news\/laidlow-y-haug-imbatibles-en-el-anfi-challenge-mogan-gran-canaria\/\",\"url\":\"https:\/\/challenge-grancanaria.com\/news\/laidlow-y-haug-imbatibles-en-el-anfi-challenge-mogan-gran-canaria\/\",\"name\":\"Laidlow y Haug, imbatibles en el Anfi Challenge Mog\u00e1n Gran Canaria - Anfi Challenge Mogan - Gran Canaria\",\"isPartOf\":{\"@id\":\"https:\/\/challenge-grancanaria.com\/#website\"},\"primaryImageOfPage\":{\"@id\":\"https:\/\/challenge-grancanaria.com\/news\/laidlow-y-haug-imbatibles-en-el-anfi-challenge-mogan-gran-canaria\/#primaryimage\"},\"image\":{\"@id\":\"https:\/\/challenge-grancanaria.com\/news\/laidlow-y-haug-imbatibles-en-el-anfi-challenge-mogan-gran-canaria\/#primaryimage\"},\"thumbnailUrl\":\"https:\/\/challenge-grancanaria.com\/wp-content\/uploads\/sites\/18\/2023\/04\/sam-laidlow.jpg\",\"datePublished\":\"2023-04-22T14:11:41+00:00\",\"author\":{\"@id\":\"https:\/\/challenge-grancanaria.com\/#\/schema\/person\/0db66cb64684e650770370a52770ee1c\"},\"breadcrumb\":{\"@id\":\"https:\/\/challenge-grancanaria.com\/news\/laidlow-y-haug-imbatibles-en-el-anfi-challenge-mogan-gran-canaria\/#breadcrumb\"},\"inLanguage\":\"en-US\",\"potentialAction\":[{\"@type\":\"ReadAction\",\"target\":[\"https:\/\/challenge-grancanaria.com\/news\/laidlow-y-haug-imbatibles-en-el-anfi-challenge-mogan-gran-canaria\/\"]}]},{\"@type\":\"ImageObject\",\"inLanguage\":\"en-US\",\"@id\":\"https:\/\/challenge-grancanaria.com\/news\/laidlow-y-haug-imbatibles-en-el-anfi-challenge-mogan-gran-canaria\/#primaryimage\",\"url\":\"https:\/\/challenge-grancanaria.com\/wp-content\/uploads\/sites\/18\/2023\/04\/sam-laidlow.jpg\",\"contentUrl\":\"https:\/\/challenge-grancanaria.com\/wp-content\/uploads\/sites\/18\/2023\/04\/sam-laidlow.jpg\",\"width\":1634,\"height\":1098},{\"@type\":\"BreadcrumbList\",\"@id\":\"https:\/\/challenge-grancanaria.com\/news\/laidlow-y-haug-imbatibles-en-el-anfi-challenge-mogan-gran-canaria\/#breadcrumb\",\"itemListElement\":[{\"@type\":\"ListItem\",\"position\":1,\"name\":\"Home\",\"item\":\"https:\/\/challenge-grancanaria.com\/en\/\"},{\"@type\":\"ListItem\",\"position\":2,\"name\":\"Laidlow y Haug, imbatibles en el Anfi Challenge Mog\u00e1n Gran Canaria\"}]},{\"@type\":\"WebSite\",\"@id\":\"https:\/\/challenge-grancanaria.com\/#website\",\"url\":\"https:\/\/challenge-grancanaria.com\/\",\"name\":\"Anfi Challenge Mogan - Gran Canaria\",\"description\":\"We are triathlon\",\"potentialAction\":[{\"@type\":\"SearchAction\",\"target\":{\"@type\":\"EntryPoint\",\"urlTemplate\":\"https:\/\/challenge-grancanaria.com\/?s={search_term_string}\"},\"query-input\":{\"@type\":\"PropertyValueSpecification\",\"valueRequired\":true,\"valueName\":\"search_term_string\"}}],\"inLanguage\":\"en-US\"},{\"@type\":\"Person\",\"@id\":\"https:\/\/challenge-grancanaria.com\/#\/schema\/person\/0db66cb64684e650770370a52770ee1c\",\"name\":\"Challenge Canarias\",\"image\":{\"@type\":\"ImageObject\",\"inLanguage\":\"en-US\",\"@id\":\"https:\/\/challenge-grancanaria.com\/#\/schema\/person\/image\/\",\"url\":\"https:\/\/secure.gravatar.com\/avatar\/4ead8c32fe4b679a78b03c2dc1d3661a?s=96&d=mm&r=g\",\"contentUrl\":\"https:\/\/secure.gravatar.com\/avatar\/4ead8c32fe4b679a78b03c2dc1d3661a?s=96&d=mm&r=g\",\"caption\":\"Challenge Canarias\"},\"url\":\"https:\/\/challenge-grancanaria.com\/en\/news\/author\/jordi\/\"}]}<\/script>\n<!-- \/ Yoast SEO plugin. -->","yoast_head_json":{"title":"Laidlow y Haug, imbatibles en el Anfi Challenge Mog\u00e1n Gran Canaria - Anfi Challenge Mogan - Gran Canaria","robots":{"index":"index","follow":"follow","max-snippet":"max-snippet:-1","max-image-preview":"max-image-preview:large","max-video-preview":"max-video-preview:-1"},"canonical":"https:\/\/challenge-grancanaria.com\/news\/laidlow-y-haug-imbatibles-en-el-anfi-challenge-mogan-gran-canaria\/","og_locale":"en_US","og_type":"article","og_title":"Laidlow y Haug, imbatibles en el Anfi Challenge Mog\u00e1n Gran Canaria - Anfi Challenge Mogan - Gran Canaria","og_description":"Dijo que ten\u00eda una cuenta pendiente con Gran Canaria y ha logrado sacarse la espinita. El triatleta franc\u00e9s Sam Laidlow ha protagonizado una emocionante carrera contra varios de los mejores triatletas del mundo, en una batalla hasta el \u00faltimo minuto para decidir el podio. La alemana Anne Haug no ha tenido competencia en el Anfi [&hellip;]","og_url":"https:\/\/challenge-grancanaria.com\/news\/laidlow-y-haug-imbatibles-en-el-anfi-challenge-mogan-gran-canaria\/","og_site_name":"Anfi Challenge Mogan - Gran Canaria","article_published_time":"2023-04-22T14:11:41+00:00","og_image":[{"width":1634,"height":1098,"url":"https:\/\/challenge-grancanaria.com\/wp-content\/uploads\/sites\/18\/2023\/04\/sam-laidlow.jpg","type":"image\/jpeg"}],"author":"Challenge Canarias","twitter_card":"summary_large_image","twitter_misc":{"Written by":"Challenge Canarias","Est. reading time":"5 minutes"},"schema":{"@context":"https:\/\/schema.org","@graph":[{"@type":"WebPage","@id":"https:\/\/challenge-grancanaria.com\/news\/laidlow-y-haug-imbatibles-en-el-anfi-challenge-mogan-gran-canaria\/","url":"https:\/\/challenge-grancanaria.com\/news\/laidlow-y-haug-imbatibles-en-el-anfi-challenge-mogan-gran-canaria\/","name":"Laidlow y Haug, imbatibles en el Anfi Challenge Mog\u00e1n Gran Canaria - Anfi Challenge Mogan - Gran Canaria","isPartOf":{"@id":"https:\/\/challenge-grancanaria.com\/#website"},"primaryImageOfPage":{"@id":"https:\/\/challenge-grancanaria.com\/news\/laidlow-y-haug-imbatibles-en-el-anfi-challenge-mogan-gran-canaria\/#primaryimage"},"image":{"@id":"https:\/\/challenge-grancanaria.com\/news\/laidlow-y-haug-imbatibles-en-el-anfi-challenge-mogan-gran-canaria\/#primaryimage"},"thumbnailUrl":"https:\/\/challenge-grancanaria.com\/wp-content\/uploads\/sites\/18\/2023\/04\/sam-laidlow.jpg","datePublished":"2023-04-22T14:11:41+00:00","author":{"@id":"https:\/\/challenge-grancanaria.com\/#\/schema\/person\/0db66cb64684e650770370a52770ee1c"},"breadcrumb":{"@id":"https:\/\/challenge-grancanaria.com\/news\/laidlow-y-haug-imbatibles-en-el-anfi-challenge-mogan-gran-canaria\/#breadcrumb"},"inLanguage":"en-US","potentialAction":[{"@type":"ReadAction","target":["https:\/\/challenge-grancanaria.com\/news\/laidlow-y-haug-imbatibles-en-el-anfi-challenge-mogan-gran-canaria\/"]}]},{"@type":"ImageObject","inLanguage":"en-US","@id":"https:\/\/challenge-grancanaria.com\/news\/laidlow-y-haug-imbatibles-en-el-anfi-challenge-mogan-gran-canaria\/#primaryimage","url":"https:\/\/challenge-grancanaria.com\/wp-content\/uploads\/sites\/18\/2023\/04\/sam-laidlow.jpg","contentUrl":"https:\/\/challenge-grancanaria.com\/wp-content\/uploads\/sites\/18\/2023\/04\/sam-laidlow.jpg","width":1634,"height":1098},{"@type":"BreadcrumbList","@id":"https:\/\/challenge-grancanaria.com\/news\/laidlow-y-haug-imbatibles-en-el-anfi-challenge-mogan-gran-canaria\/#breadcrumb","itemListElement":[{"@type":"ListItem","position":1,"name":"Home","item":"https:\/\/challenge-grancanaria.com\/en\/"},{"@type":"ListItem","position":2,"name":"Laidlow y Haug, imbatibles en el Anfi Challenge Mog\u00e1n Gran Canaria"}]},{"@type":"WebSite","@id":"https:\/\/challenge-grancanaria.com\/#website","url":"https:\/\/challenge-grancanaria.com\/","name":"Anfi Challenge Mogan - Gran Canaria","description":"We are triathlon","potentialAction":[{"@type":"SearchAction","target":{"@type":"EntryPoint","urlTemplate":"https:\/\/challenge-grancanaria.com\/?s={search_term_string}"},"query-input":{"@type":"PropertyValueSpecification","valueRequired":true,"valueName":"search_term_string"}}],"inLanguage":"en-US"},{"@type":"Person","@id":"https:\/\/challenge-grancanaria.com\/#\/schema\/person\/0db66cb64684e650770370a52770ee1c","name":"Challenge Canarias","image":{"@type":"ImageObject","inLanguage":"en-US","@id":"https:\/\/challenge-grancanaria.com\/#\/schema\/person\/image\/","url":"https:\/\/secure.gravatar.com\/avatar\/4ead8c32fe4b679a78b03c2dc1d3661a?s=96&d=mm&r=g","contentUrl":"https:\/\/secure.gravatar.com\/avatar\/4ead8c32fe4b679a78b03c2dc1d3661a?s=96&d=mm&r=g","caption":"Challenge Canarias"},"url":"https:\/\/challenge-grancanaria.com\/en\/news\/author\/jordi\/"}]}},"_links":{"self":[{"href":"https:\/\/challenge-grancanaria.com\/en\/wp-json\/wp\/v2\/posts\/3096"}],"collection":[{"href":"https:\/\/challenge-grancanaria.com\/en\/wp-json\/wp\/v2\/posts"}],"about":[{"href":"https:\/\/challenge-grancanaria.com\/en\/wp-json\/wp\/v2\/types\/post"}],"author":[{"embeddable":true,"href":"https:\/\/challenge-grancanaria.com\/en\/wp-json\/wp\/v2\/users\/24"}],"replies":[{"embeddable":true,"href":"https:\/\/challenge-grancanaria.com\/en\/wp-json\/wp\/v2\/comments?post=3096"}],"version-history":[{"count":2,"href":"https:\/\/challenge-grancanaria.com\/en\/wp-json\/wp\/v2\/posts\/3096\/revisions"}],"predecessor-version":[{"id":3103,"href":"https:\/\/challenge-grancanaria.com\/en\/wp-json\/wp\/v2\/posts\/3096\/revisions\/3103"}],"wp:featuredmedia":[{"embeddable":true,"href":"https:\/\/challenge-grancanaria.com\/en\/wp-json\/wp\/v2\/media\/3102"}],"wp:attachment":[{"href":"https:\/\/challenge-grancanaria.com\/en\/wp-json\/wp\/v2\/media?parent=3096"}],"wp:term":[{"taxonomy":"category","embeddable":true,"href":"https:\/\/challenge-grancanaria.com\/en\/wp-json\/wp\/v2\/categories?post=3096"},{"taxonomy":"post_tag","embeddable":true,"href":"https:\/\/challenge-grancanaria.com\/en\/wp-json\/wp\/v2\/tags?post=3096"}],"curies":[{"name":"wp","href":"https:\/\/api.w.org\/{rel}","templated":true}]}}