{"id":2994,"date":"2023-03-15T19:14:49","date_gmt":"2023-03-15T19:14:49","guid":{"rendered":"https:\/\/challenge-grancanaria.com\/?p=2994"},"modified":"2023-03-15T20:15:35","modified_gmt":"2023-03-15T20:15:35","slug":"confirmado-patrick-lange-correra-anfi-challenge-mogan-gran-canaria","status":"publish","type":"post","link":"https:\/\/challenge-grancanaria.com\/en\/news\/confirmado-patrick-lange-correra-anfi-challenge-mogan-gran-canaria\/","title":{"rendered":"Confirmado: Patrick Lange correr\u00e1 el Anfi Challenge Mog\u00e1n Gran Canaria"},"content":{"rendered":"<div class=\"x11i5rnm xat24cr x1mh8g0r x1vvkbs xdj266r x126k92a\">\n<div dir=\"auto\"><img loading=\"lazy\" decoding=\"async\" class=\"aligncenter size-medium wp-image-2998\" src=\"https:\/\/challenge-grancanaria.com\/wp-content\/uploads\/sites\/18\/2023\/03\/lange-300x198.jpg\" alt=\"\" width=\"300\" height=\"198\" srcset=\"https:\/\/challenge-grancanaria.com\/wp-content\/uploads\/sites\/18\/2023\/03\/lange-300x198.jpg 300w, https:\/\/challenge-grancanaria.com\/wp-content\/uploads\/sites\/18\/2023\/03\/lange-1024x676.jpg 1024w, https:\/\/challenge-grancanaria.com\/wp-content\/uploads\/sites\/18\/2023\/03\/lange-768x507.jpg 768w, https:\/\/challenge-grancanaria.com\/wp-content\/uploads\/sites\/18\/2023\/03\/lange-1536x1014.jpg 1536w, https:\/\/challenge-grancanaria.com\/wp-content\/uploads\/sites\/18\/2023\/03\/lange.jpg 1860w\" sizes=\"(max-width: 300px) 100vw, 300px\" \/><\/div>\n<div dir=\"auto\">\n<p>El triatleta alem\u00e1n <strong>Patrick Lange<\/strong> confirma su participaci\u00f3n en una edici\u00f3n de alto nivel del Anfi Challenge Mog\u00e1n Gran Canaria. El 22 de abril de 2023 la l\u00ednea de salida del \u00fanico triatl\u00f3n internacional de Gran Canaria contar\u00e1 con la presencia de varias de las estrellas mundiales de este deporte, con el n\u00famero 12 del mundo, bicampe\u00f3n del mundo Ironman, marcando el ritmo.<\/p>\n<p>Patrick Lange competir\u00e1 en una prueba que conoce bien, regresando a la isla que le sirve de campo de entrenamiento durante todo el a\u00f1o para mostrar el talento deportivo que le ha llevado a lo m\u00e1s alto del panorama del triatl\u00f3n actual. Su palmar\u00e9s de \u00e9xitos incluye el t\u00edtulo de campe\u00f3n en Ironman Israel, <strong>Challenge de Roth<\/strong>, Ironman Tulsa, Ironman Vietnam, dos veces consecutivas campe\u00f3n del mundo en <strong>Ironman Kona<\/strong>, Haw\u00e1i, as\u00ed como Ironman 70.3 Ruegen, o Ironman Texas.<\/p>\n<p>Patrick Lange eleva el nivel de una edici\u00f3n de alto voltaje que ya cuenta con <strong>m\u00e1s de 50 profesionales<\/strong> confirmados.<\/p>\n<p>La estrella alemana ha superado todos los grandes retos del triatleta profesional, ganando no una sino dos veces el Ironman de Kona, y batiendo el r\u00e9cord de las ocho horas. En su debut en Haw\u00e1i en 2016 ya termin\u00f3 tercero por detr\u00e1s de sus compatriotas Jan Frodeno y Sebastian Kienle, con un podio \u00edntegramente alem\u00e1n. Lange regresa al Anfi Challenge Mog\u00e1n Gran Canaria tras su participaci\u00f3n en la edici\u00f3n 2021.<\/p>\n<p>El australiano Aaron Royle, Florian Angert, Sebi Neef, el belga Pieter Heemeryck y el alem\u00e1n Andy Dreitz, entre otros, as\u00ed como Alexandra Tondeur, Elisabetta Curridori, Charlene Clavel y Megan McDonald tambi\u00e9n han confirmado su inscripci\u00f3n para el Anfi Challenge Mog\u00e1n Gran Canaria.<\/p>\n<\/div>\n<\/div>\n","protected":false},"excerpt":{"rendered":"<p>El triatleta alem\u00e1n Patrick Lange confirma su participaci\u00f3n en una edici\u00f3n de alto nivel del Anfi Challenge Mog\u00e1n Gran Canaria. El 22 de abril de 2023 la l\u00ednea de salida del \u00fanico triatl\u00f3n internacional de Gran Canaria contar\u00e1 con la presencia de varias de las estrellas mundiales de este deporte, con el n\u00famero 12 del [&hellip;]<\/p>\n","protected":false},"author":24,"featured_media":2998,"comment_status":"open","ping_status":"open","sticky":false,"template":"","format":"standard","meta":{"footnotes":""},"categories":[33,34],"tags":[52,53,54,71,51,63],"class_list":["post-2994","post","type-post","status-publish","format-standard","has-post-thumbnail","hentry","category-news","category-noticias-en","tag-challenge","tag-gran-canaria","tag-ironman-2","tag-patrick-lange","tag-triathlon","tag-triatlon"],"yoast_head":"<!-- This site is optimized with the Yoast SEO plugin v25.6 - https:\/\/yoast.com\/wordpress\/plugins\/seo\/ -->\n<title>Confirmado: Patrick Lange correr\u00e1 el Anfi Challenge Mog\u00e1n Gran Canaria - Anfi Challenge Mogan - Gran Canaria<\/title>\n<meta name=\"robots\" content=\"index, follow, max-snippet:-1, max-image-preview:large, max-video-preview:-1\" \/>\n<link rel=\"canonical\" href=\"https:\/\/challenge-grancanaria.com\/news\/confirmado-patrick-lange-correra-anfi-challenge-mogan-gran-canaria\/\" \/>\n<meta property=\"og:locale\" content=\"en_US\" \/>\n<meta property=\"og:type\" content=\"article\" \/>\n<meta property=\"og:title\" content=\"Confirmado: Patrick Lange correr\u00e1 el Anfi Challenge Mog\u00e1n Gran Canaria - Anfi Challenge Mogan - Gran Canaria\" \/>\n<meta property=\"og:description\" content=\"El triatleta alem\u00e1n Patrick Lange confirma su participaci\u00f3n en una edici\u00f3n de alto nivel del Anfi Challenge Mog\u00e1n Gran Canaria. El 22 de abril de 2023 la l\u00ednea de salida del \u00fanico triatl\u00f3n internacional de Gran Canaria contar\u00e1 con la presencia de varias de las estrellas mundiales de este deporte, con el n\u00famero 12 del [&hellip;]\" \/>\n<meta property=\"og:url\" content=\"https:\/\/challenge-grancanaria.com\/news\/confirmado-patrick-lange-correra-anfi-challenge-mogan-gran-canaria\/\" \/>\n<meta property=\"og:site_name\" content=\"Anfi Challenge Mogan - Gran Canaria\" \/>\n<meta property=\"article:published_time\" content=\"2023-03-15T19:14:49+00:00\" \/>\n<meta property=\"article:modified_time\" content=\"2023-03-15T20:15:35+00:00\" \/>\n<meta property=\"og:image\" content=\"https:\/\/challenge-grancanaria.com\/wp-content\/uploads\/sites\/18\/2023\/03\/lange.jpg\" \/>\n\t<meta property=\"og:image:width\" content=\"1860\" \/>\n\t<meta property=\"og:image:height\" content=\"1228\" \/>\n\t<meta property=\"og:image:type\" content=\"image\/jpeg\" \/>\n<meta name=\"author\" content=\"Challenge Canarias\" \/>\n<meta name=\"twitter:card\" content=\"summary_large_image\" \/>\n<meta name=\"twitter:label1\" content=\"Written by\" \/>\n\t<meta name=\"twitter:data1\" content=\"Challenge Canarias\" \/>\n\t<meta name=\"twitter:label2\" content=\"Est. reading time\" \/>\n\t<meta name=\"twitter:data2\" content=\"2 minutes\" \/>\n<script type=\"application\/ld+json\" class=\"yoast-schema-graph\">{\"@context\":\"https:\/\/schema.org\",\"@graph\":[{\"@type\":\"WebPage\",\"@id\":\"https:\/\/challenge-grancanaria.com\/news\/confirmado-patrick-lange-correra-anfi-challenge-mogan-gran-canaria\/\",\"url\":\"https:\/\/challenge-grancanaria.com\/news\/confirmado-patrick-lange-correra-anfi-challenge-mogan-gran-canaria\/\",\"name\":\"Confirmado: Patrick Lange correr\u00e1 el Anfi Challenge Mog\u00e1n Gran Canaria - Anfi Challenge Mogan - Gran Canaria\",\"isPartOf\":{\"@id\":\"https:\/\/challenge-grancanaria.com\/#website\"},\"primaryImageOfPage\":{\"@id\":\"https:\/\/challenge-grancanaria.com\/news\/confirmado-patrick-lange-correra-anfi-challenge-mogan-gran-canaria\/#primaryimage\"},\"image\":{\"@id\":\"https:\/\/challenge-grancanaria.com\/news\/confirmado-patrick-lange-correra-anfi-challenge-mogan-gran-canaria\/#primaryimage\"},\"thumbnailUrl\":\"https:\/\/challenge-grancanaria.com\/wp-content\/uploads\/sites\/18\/2023\/03\/lange.jpg\",\"datePublished\":\"2023-03-15T19:14:49+00:00\",\"dateModified\":\"2023-03-15T20:15:35+00:00\",\"author\":{\"@id\":\"https:\/\/challenge-grancanaria.com\/#\/schema\/person\/0db66cb64684e650770370a52770ee1c\"},\"breadcrumb\":{\"@id\":\"https:\/\/challenge-grancanaria.com\/news\/confirmado-patrick-lange-correra-anfi-challenge-mogan-gran-canaria\/#breadcrumb\"},\"inLanguage\":\"en-US\",\"potentialAction\":[{\"@type\":\"ReadAction\",\"target\":[\"https:\/\/challenge-grancanaria.com\/news\/confirmado-patrick-lange-correra-anfi-challenge-mogan-gran-canaria\/\"]}]},{\"@type\":\"ImageObject\",\"inLanguage\":\"en-US\",\"@id\":\"https:\/\/challenge-grancanaria.com\/news\/confirmado-patrick-lange-correra-anfi-challenge-mogan-gran-canaria\/#primaryimage\",\"url\":\"https:\/\/challenge-grancanaria.com\/wp-content\/uploads\/sites\/18\/2023\/03\/lange.jpg\",\"contentUrl\":\"https:\/\/challenge-grancanaria.com\/wp-content\/uploads\/sites\/18\/2023\/03\/lange.jpg\",\"width\":1860,\"height\":1228,\"caption\":\"Confirmed: Patrick Lange will be at the Anfi Challenge Mog\u00e1n Gran Canaria\"},{\"@type\":\"BreadcrumbList\",\"@id\":\"https:\/\/challenge-grancanaria.com\/news\/confirmado-patrick-lange-correra-anfi-challenge-mogan-gran-canaria\/#breadcrumb\",\"itemListElement\":[{\"@type\":\"ListItem\",\"position\":1,\"name\":\"Home\",\"item\":\"https:\/\/challenge-grancanaria.com\/en\/\"},{\"@type\":\"ListItem\",\"position\":2,\"name\":\"Confirmado: Patrick Lange correr\u00e1 el Anfi Challenge Mog\u00e1n Gran Canaria\"}]},{\"@type\":\"WebSite\",\"@id\":\"https:\/\/challenge-grancanaria.com\/#website\",\"url\":\"https:\/\/challenge-grancanaria.com\/\",\"name\":\"Anfi Challenge Mogan - Gran Canaria\",\"description\":\"We are triathlon\",\"potentialAction\":[{\"@type\":\"SearchAction\",\"target\":{\"@type\":\"EntryPoint\",\"urlTemplate\":\"https:\/\/challenge-grancanaria.com\/?s={search_term_string}\"},\"query-input\":{\"@type\":\"PropertyValueSpecification\",\"valueRequired\":true,\"valueName\":\"search_term_string\"}}],\"inLanguage\":\"en-US\"},{\"@type\":\"Person\",\"@id\":\"https:\/\/challenge-grancanaria.com\/#\/schema\/person\/0db66cb64684e650770370a52770ee1c\",\"name\":\"Challenge Canarias\",\"image\":{\"@type\":\"ImageObject\",\"inLanguage\":\"en-US\",\"@id\":\"https:\/\/challenge-grancanaria.com\/#\/schema\/person\/image\/\",\"url\":\"https:\/\/secure.gravatar.com\/avatar\/4ead8c32fe4b679a78b03c2dc1d3661a?s=96&d=mm&r=g\",\"contentUrl\":\"https:\/\/secure.gravatar.com\/avatar\/4ead8c32fe4b679a78b03c2dc1d3661a?s=96&d=mm&r=g\",\"caption\":\"Challenge Canarias\"},\"url\":\"https:\/\/challenge-grancanaria.com\/en\/news\/author\/jordi\/\"}]}<\/script>\n<!-- \/ Yoast SEO plugin. -->","yoast_head_json":{"title":"Confirmado: Patrick Lange correr\u00e1 el Anfi Challenge Mog\u00e1n Gran Canaria - Anfi Challenge Mogan - Gran Canaria","robots":{"index":"index","follow":"follow","max-snippet":"max-snippet:-1","max-image-preview":"max-image-preview:large","max-video-preview":"max-video-preview:-1"},"canonical":"https:\/\/challenge-grancanaria.com\/news\/confirmado-patrick-lange-correra-anfi-challenge-mogan-gran-canaria\/","og_locale":"en_US","og_type":"article","og_title":"Confirmado: Patrick Lange correr\u00e1 el Anfi Challenge Mog\u00e1n Gran Canaria - Anfi Challenge Mogan - Gran Canaria","og_description":"El triatleta alem\u00e1n Patrick Lange confirma su participaci\u00f3n en una edici\u00f3n de alto nivel del Anfi Challenge Mog\u00e1n Gran Canaria. El 22 de abril de 2023 la l\u00ednea de salida del \u00fanico triatl\u00f3n internacional de Gran Canaria contar\u00e1 con la presencia de varias de las estrellas mundiales de este deporte, con el n\u00famero 12 del [&hellip;]","og_url":"https:\/\/challenge-grancanaria.com\/news\/confirmado-patrick-lange-correra-anfi-challenge-mogan-gran-canaria\/","og_site_name":"Anfi Challenge Mogan - Gran Canaria","article_published_time":"2023-03-15T19:14:49+00:00","article_modified_time":"2023-03-15T20:15:35+00:00","og_image":[{"width":1860,"height":1228,"url":"https:\/\/challenge-grancanaria.com\/wp-content\/uploads\/sites\/18\/2023\/03\/lange.jpg","type":"image\/jpeg"}],"author":"Challenge Canarias","twitter_card":"summary_large_image","twitter_misc":{"Written by":"Challenge Canarias","Est. reading time":"2 minutes"},"schema":{"@context":"https:\/\/schema.org","@graph":[{"@type":"WebPage","@id":"https:\/\/challenge-grancanaria.com\/news\/confirmado-patrick-lange-correra-anfi-challenge-mogan-gran-canaria\/","url":"https:\/\/challenge-grancanaria.com\/news\/confirmado-patrick-lange-correra-anfi-challenge-mogan-gran-canaria\/","name":"Confirmado: Patrick Lange correr\u00e1 el Anfi Challenge Mog\u00e1n Gran Canaria - Anfi Challenge Mogan - Gran Canaria","isPartOf":{"@id":"https:\/\/challenge-grancanaria.com\/#website"},"primaryImageOfPage":{"@id":"https:\/\/challenge-grancanaria.com\/news\/confirmado-patrick-lange-correra-anfi-challenge-mogan-gran-canaria\/#primaryimage"},"image":{"@id":"https:\/\/challenge-grancanaria.com\/news\/confirmado-patrick-lange-correra-anfi-challenge-mogan-gran-canaria\/#primaryimage"},"thumbnailUrl":"https:\/\/challenge-grancanaria.com\/wp-content\/uploads\/sites\/18\/2023\/03\/lange.jpg","datePublished":"2023-03-15T19:14:49+00:00","dateModified":"2023-03-15T20:15:35+00:00","author":{"@id":"https:\/\/challenge-grancanaria.com\/#\/schema\/person\/0db66cb64684e650770370a52770ee1c"},"breadcrumb":{"@id":"https:\/\/challenge-grancanaria.com\/news\/confirmado-patrick-lange-correra-anfi-challenge-mogan-gran-canaria\/#breadcrumb"},"inLanguage":"en-US","potentialAction":[{"@type":"ReadAction","target":["https:\/\/challenge-grancanaria.com\/news\/confirmado-patrick-lange-correra-anfi-challenge-mogan-gran-canaria\/"]}]},{"@type":"ImageObject","inLanguage":"en-US","@id":"https:\/\/challenge-grancanaria.com\/news\/confirmado-patrick-lange-correra-anfi-challenge-mogan-gran-canaria\/#primaryimage","url":"https:\/\/challenge-grancanaria.com\/wp-content\/uploads\/sites\/18\/2023\/03\/lange.jpg","contentUrl":"https:\/\/challenge-grancanaria.com\/wp-content\/uploads\/sites\/18\/2023\/03\/lange.jpg","width":1860,"height":1228,"caption":"Confirmed: Patrick Lange will be at the Anfi Challenge Mog\u00e1n Gran Canaria"},{"@type":"BreadcrumbList","@id":"https:\/\/challenge-grancanaria.com\/news\/confirmado-patrick-lange-correra-anfi-challenge-mogan-gran-canaria\/#breadcrumb","itemListElement":[{"@type":"ListItem","position":1,"name":"Home","item":"https:\/\/challenge-grancanaria.com\/en\/"},{"@type":"ListItem","position":2,"name":"Confirmado: Patrick Lange correr\u00e1 el Anfi Challenge Mog\u00e1n Gran Canaria"}]},{"@type":"WebSite","@id":"https:\/\/challenge-grancanaria.com\/#website","url":"https:\/\/challenge-grancanaria.com\/","name":"Anfi Challenge Mogan - Gran Canaria","description":"We are triathlon","potentialAction":[{"@type":"SearchAction","target":{"@type":"EntryPoint","urlTemplate":"https:\/\/challenge-grancanaria.com\/?s={search_term_string}"},"query-input":{"@type":"PropertyValueSpecification","valueRequired":true,"valueName":"search_term_string"}}],"inLanguage":"en-US"},{"@type":"Person","@id":"https:\/\/challenge-grancanaria.com\/#\/schema\/person\/0db66cb64684e650770370a52770ee1c","name":"Challenge Canarias","image":{"@type":"ImageObject","inLanguage":"en-US","@id":"https:\/\/challenge-grancanaria.com\/#\/schema\/person\/image\/","url":"https:\/\/secure.gravatar.com\/avatar\/4ead8c32fe4b679a78b03c2dc1d3661a?s=96&d=mm&r=g","contentUrl":"https:\/\/secure.gravatar.com\/avatar\/4ead8c32fe4b679a78b03c2dc1d3661a?s=96&d=mm&r=g","caption":"Challenge Canarias"},"url":"https:\/\/challenge-grancanaria.com\/en\/news\/author\/jordi\/"}]}},"_links":{"self":[{"href":"https:\/\/challenge-grancanaria.com\/en\/wp-json\/wp\/v2\/posts\/2994"}],"collection":[{"href":"https:\/\/challenge-grancanaria.com\/en\/wp-json\/wp\/v2\/posts"}],"about":[{"href":"https:\/\/challenge-grancanaria.com\/en\/wp-json\/wp\/v2\/types\/post"}],"author":[{"embeddable":true,"href":"https:\/\/challenge-grancanaria.com\/en\/wp-json\/wp\/v2\/users\/24"}],"replies":[{"embeddable":true,"href":"https:\/\/challenge-grancanaria.com\/en\/wp-json\/wp\/v2\/comments?post=2994"}],"version-history":[{"count":3,"href":"https:\/\/challenge-grancanaria.com\/en\/wp-json\/wp\/v2\/posts\/2994\/revisions"}],"predecessor-version":[{"id":2997,"href":"https:\/\/challenge-grancanaria.com\/en\/wp-json\/wp\/v2\/posts\/2994\/revisions\/2997"}],"wp:featuredmedia":[{"embeddable":true,"href":"https:\/\/challenge-grancanaria.com\/en\/wp-json\/wp\/v2\/media\/2998"}],"wp:attachment":[{"href":"https:\/\/challenge-grancanaria.com\/en\/wp-json\/wp\/v2\/media?parent=2994"}],"wp:term":[{"taxonomy":"category","embeddable":true,"href":"https:\/\/challenge-grancanaria.com\/en\/wp-json\/wp\/v2\/categories?post=2994"},{"taxonomy":"post_tag","embeddable":true,"href":"https:\/\/challenge-grancanaria.com\/en\/wp-json\/wp\/v2\/tags?post=2994"}],"curies":[{"name":"wp","href":"https:\/\/api.w.org\/{rel}","templated":true}]}}