{"id":2967,"date":"2023-03-07T17:36:51","date_gmt":"2023-03-07T17:36:51","guid":{"rendered":"https:\/\/challenge-grancanaria.com\/?p=2967"},"modified":"2023-03-07T17:36:51","modified_gmt":"2023-03-07T17:36:51","slug":"mogan-se-promociona-en-el-mercado-aleman-en-la-itb-berlin","status":"publish","type":"post","link":"https:\/\/challenge-grancanaria.com\/en\/news\/mogan-se-promociona-en-el-mercado-aleman-en-la-itb-berlin\/","title":{"rendered":"Mog\u00e1n se promociona en el mercado alem\u00e1n en la ITB Berl\u00edn"},"content":{"rendered":"<div class=\"x11i5rnm xat24cr x1mh8g0r x1vvkbs xdj266r x126k92a\">\n<h4 dir=\"auto\"><img loading=\"lazy\" decoding=\"async\" class=\"aligncenter size-medium wp-image-2968\" src=\"https:\/\/challenge-grancanaria.com\/wp-content\/uploads\/sites\/18\/2023\/03\/331594697_4240260112864902_3139848160384969602_n-300x225.jpeg\" alt=\"\" width=\"300\" height=\"225\" srcset=\"https:\/\/challenge-grancanaria.com\/wp-content\/uploads\/sites\/18\/2023\/03\/331594697_4240260112864902_3139848160384969602_n-300x225.jpeg 300w, https:\/\/challenge-grancanaria.com\/wp-content\/uploads\/sites\/18\/2023\/03\/331594697_4240260112864902_3139848160384969602_n-768x576.jpeg 768w, https:\/\/challenge-grancanaria.com\/wp-content\/uploads\/sites\/18\/2023\/03\/331594697_4240260112864902_3139848160384969602_n.jpeg 960w\" sizes=\"(max-width: 300px) 100vw, 300px\" \/>Mog\u00e1n se promociona en el mercado alem\u00e1n en la ITB Berl\u00edn<\/h4>\n<\/div>\n<div class=\"x11i5rnm xat24cr x1mh8g0r x1vvkbs xtlvy1s x126k92a\">\n<div dir=\"auto\">El primer teniente de alcalde de Mog\u00e1n, Mencey Navarro, y el concejal de Deportes, Luis Becerra, exhiben desde hoy y hasta el jueves 9 de marzo en la ITB Berl\u00edn, una de las ferias de turismo m\u00e1s importantes del mundo, las nuevas infraestructuras del municipio, eventos de car\u00e1cter internacional como el <strong>Anfi Challenge Mog\u00e1n Gran Canaria<\/strong>, nuevos servicios disponibles al p\u00fablico alem\u00e1n como la renovada web tur\u00edstica y pr\u00f3ximas mejoras que har\u00e1n de la playa de Mog\u00e1n un espacio totalmente accesible e inclusivo.<\/div>\n<\/div>\n<div dir=\"auto\">\n<div class=\"x11i5rnm xat24cr x1mh8g0r x1vvkbs xtlvy1s x126k92a\">\n<div dir=\"auto\"><\/div>\n<div dir=\"auto\">Est\u00e1 presente en la feria la <strong>prueba reina del calendario<\/strong> de eventos deportivos del municipio, Anfi Challenge Mog\u00e1n-Gran Canaria, que ser\u00e1 el pr\u00f3ximo 22 de abril. Consta de una distancia ol\u00edmpica de 1,5 kil\u00f3metros a nado, 40 kil\u00f3metros de bicicleta y 10 kil\u00f3metros de carrera. Tambi\u00e9n de media distancia, con 1,9 kil\u00f3metros a nado, 80 kil\u00f3metros de bicicleta y 21 kil\u00f3metros de carrera.<\/div>\n<\/div>\n<div class=\"x11i5rnm xat24cr x1mh8g0r x1vvkbs xtlvy1s x126k92a\">\n<div dir=\"auto\"><\/div>\n<div dir=\"auto\">El foco del mundo del triatl\u00f3n estar\u00e1 puesto ese fin de semana en el municipio por la espectacularidad de la prueba y por las grandes estrellas que participan en ella. Ya est\u00e1n confirmados el n\u00famero 8 del mundo, <strong>Florian Angert, <\/strong>el australiano <strong>Aaron Royle, Sebi Neef, <\/strong>el belga <strong>Pieter Heemeryck<\/strong> y el alem\u00e1n <strong>Andy Dreitz<\/strong>, entre otros. En categor\u00eda femenina <strong>Alexandra Tondeur, Elisabetta Curridori, Charlene Clavel<\/strong> y <strong>Megan McDonald.<\/strong><\/div>\n<div dir=\"auto\"><\/div>\n<\/div>\n<div class=\"x11i5rnm xat24cr x1mh8g0r x1vvkbs xtlvy1s x126k92a\">\n<div dir=\"auto\">\u201cSin duda alguna el turismo deportivo se posiciona como mercado emergente con un incremento de un 16% en la pr\u00f3xima d\u00e9cada\u201d, ha apuntado el edil Becerra, asegurando que se trata de \u201cun sector de calidad\u201d y que \u201cgracias a las grandes pruebas internacionales que se celebran en Mog\u00e1n y las estupendas condiciones climatol\u00f3gicas, junto a unas infraestructuras y servicios deportivos de calidad, el municipio se posiciona como destino id\u00f3neo para la pr\u00e1ctica deportiva durante los 365 d\u00edas del a\u00f1o\u201d.<\/div>\n<\/div>\n<\/div>\n<div class=\"x11i5rnm xat24cr x1mh8g0r x1vvkbs xtlvy1s x126k92a\">\n<div dir=\"auto\"><\/div>\n<\/div>\n<div class=\"x11i5rnm xat24cr x1mh8g0r x1vvkbs xtlvy1s x126k92a\">\n<div dir=\"auto\">Es la primera edici\u00f3n presencial de la ITB Berl\u00edn que se celebra tras la pandemia y Mog\u00e1n no pod\u00eda faltar a la cita. \u201cEs una oportunidad \u00fanica para reunirnos con importantes actores del sector tur\u00edstico\u201d, ha se\u00f1alado Navarro, refiri\u00e9ndose a empresas, touroperadores y otros agentes vinculados al turismo a los que se mostrar\u00e1 las numerosas cualidades de Mog\u00e1n como destino vacacional.<\/div>\n<div dir=\"auto\"><\/div>\n<\/div>\n<div class=\"x11i5rnm xat24cr x1mh8g0r x1vvkbs xtlvy1s x126k92a\">\n<div dir=\"auto\">En este sentido, con el objetivo de dar a conocer mejor el municipio y acercar toda su oferta al p\u00fablico internacional, desde el mes de enero est\u00e1 en marcha la nueva web promocional tur\u00edstica, disponible en cuatro idiomas, entre estos el alem\u00e1n. El portal, alojado en <a class=\"x1i10hfl xjbqb8w x6umtig x1b1mbwd xaqea5y xav7gou x9f619 x1ypdohk xt0psk2 xe8uvvx xdj266r x11i5rnm xat24cr x1mh8g0r xexx8yu x4uap5 x18d9i69 xkhd6sd x16tdsg8 x1hl2dhg xggy1nq x1a2a7pz xt0b8zv x1fey0fg\" role=\"link\" href=\"https:\/\/l.facebook.com\/l.php?u=http%3A%2F%2Fwww.turismo.mogan.es%2F%3Ffbclid%3DIwAR3az1gmY3glDhKynKxpt4dcroV32JWf-FKz6I2HeSFVirkp6_yNzw_NoxI&amp;h=AT3W1otKqNwvB12U8WHoT4U_ieidimFdzeiX1Fhd6hEZcdmbns7JgcSYNlDaIaokBPD_CmTOgkTLMbzfla47Mha0_yyMF1K96vsdARYK7UA-MS45WKDZ1aTQiJ8C5RJlJhUx250zfA&amp;__tn__=-UK-R&amp;c[0]=AT0mJhtpoXWC_uGzgfx1i1B7bd-pMQANdwqCWgfeVkfsKWHbQRANWpMCQbO-ewraxT_HVg6IYDBHzayI0X2aJmF_rwnOYOJUxxhaiIbd4he6SwSkOQOD5Lw3FFyR_HnMdnEdI2B12-yZiYe0Xw6gnx76bGkSdhc_QYJiolvaxBWTlksottG7NsP8Mf-becf40HS3EZu3DDqX\" target=\"_blank\" rel=\"nofollow noopener\">www.turismo.mogan.es<\/a>, presenta una interfaz moderna y accesible que ofrece una experiencia de navegaci\u00f3n atractiva gracias tambi\u00e9n a la contenidos \u2013 nuevos y actualizados\u2013 que se acompa\u00f1an de espectaculares im\u00e1genes en v\u00eddeo, incluyendo \u00e1reas grabadas con drones.<\/div>\n<\/div>\n<div class=\"x11i5rnm xat24cr x1mh8g0r x1vvkbs xtlvy1s x126k92a\">\n<div dir=\"auto\">A golpe de clic el turista puede programar su visita, ya que dispone desde la informaci\u00f3n b\u00e1sica a la m\u00e1s detallada. Costa, naturaleza, alojamiento, gastronom\u00eda, cultura y patrimonio, festejos y ferias, as\u00ed como todo lo relacionado con el turismo activo. En la web est\u00e1n las rutas y senderemos con todas sus caracter\u00edsticas e incluso sus correspondientes mapas, que se pueden descargar en cualquier dispositivo. Tambi\u00e9n es posible conocer el clima e incluso ver el estado de las playas en tiempo real gracias a webcams instaladas en las mismas y enlazadas a la web. Adem\u00e1s, hay otra informaci\u00f3n de utilidad sobre farmacias y centros de salud, dependencias de Polic\u00eda Local y Guardia Civil y oficinas de Correos.<\/div>\n<div dir=\"auto\"><\/div>\n<\/div>\n<div class=\"x11i5rnm xat24cr x1mh8g0r x1vvkbs xtlvy1s x126k92a\">\n<div dir=\"auto\">Los que durante estos tres d\u00edas pasen por el espacio que tiene el municipio dentro del stand de Islas Canarias, podr\u00e1n navegar por el portal web as\u00ed como ver el nuevo v\u00eddeo promocional del municipio, disponible igualmente en alem\u00e1n.<\/div>\n<div dir=\"auto\"><\/div>\n<\/div>\n<div class=\"x11i5rnm xat24cr x1mh8g0r x1vvkbs xtlvy1s x126k92a\">\n<div dir=\"auto\">Tambi\u00e9n, ha explicado Navarro, se promocionan infraestructuras nuevas como la playa de El Perchel y el paseo mar\u00edtimo de la rodea, y actuaciones que ser\u00e1n realidad en unos pocos meses. Entre estas, las que \u201cpermitir\u00e1n ampliar y mejorar la zona de ba\u00f1o asistido para personas con movilidad reducida (PMR) en la playa de Mog\u00e1n\u201d, ha dicho.<\/div>\n<div dir=\"auto\"><\/div>\n<\/div>\n<div class=\"x11i5rnm xat24cr x1mh8g0r x1vvkbs xtlvy1s x126k92a\">\n<div dir=\"auto\">En concreto se incorporar\u00e1 una estructura para dar sombra y un espacio para el dep\u00f3sito de sillas de ruedas, andadores y otros \u00fatiles empleados por personas con movilidad reducida. Este servir\u00e1 tambi\u00e9n para hacer el tr\u00e1nsito a aquellos elementos que ayudan al ba\u00f1o asistido, como son las sillas anfibio. De igual modo, se instalar\u00e1 un \u00e1rea que permita la preparaci\u00f3n para realizar actividades acu\u00e1ticas como el Paddle Surf adaptado, duchas adaptadas y una zona de hamacas exclusiva para PMR. Adem\u00e1s, las zonas de tr\u00e1nsito ser\u00e1n m\u00e1s anchas para mayor comodidad.<\/div>\n<div dir=\"auto\"><\/div>\n<\/div>\n<div class=\"x11i5rnm xat24cr x1mh8g0r x1vvkbs xtlvy1s x126k92a\">\n<div dir=\"auto\">Por \u00faltimo, entre la amplia oferta cultural y deportiva, que incluye festejos como el Carnaval Costa Mog\u00e1n 2023 del 23 al 26 de marzo y las pr\u00f3ximas ferias del sector primario \u2013 del At\u00fan y el Mar de Mog\u00e1n o del Mango y Aguacate \u2013, destacan en la ITB Berl\u00edn las pr\u00f3ximas competiciones deportivas de car\u00e1cter internacional que tendr\u00e1n lugar el municipio.<\/div>\n<\/div>\n","protected":false},"excerpt":{"rendered":"<p>Mog\u00e1n se promociona en el mercado alem\u00e1n en la ITB Berl\u00edn El primer teniente de alcalde de Mog\u00e1n, Mencey Navarro, y el concejal de Deportes, Luis Becerra, exhiben desde hoy y hasta el jueves 9 de marzo en la ITB Berl\u00edn, una de las ferias de turismo m\u00e1s importantes del mundo, las nuevas infraestructuras del [&hellip;]<\/p>\n","protected":false},"author":24,"featured_media":2968,"comment_status":"open","ping_status":"open","sticky":false,"template":"","format":"standard","meta":{"footnotes":""},"categories":[32,30],"tags":[69,64,70,57,58,52,62,53,54,50,68,51,63],"class_list":["post-2967","post","type-post","status-publish","format-standard","has-post-thumbnail","hentry","category-noticias","category-uncategorized","tag-aaron-royle","tag-alemania","tag-alexandra-tondeur","tag-bike-rent","tag-bike-sensation","tag-challenge","tag-florian-angert","tag-gran-canaria","tag-ironman-2","tag-pieter-heemeryck","tag-sebi-neef","tag-triathlon","tag-triatlon"],"yoast_head":"<!-- This site is optimized with the Yoast SEO plugin v25.6 - https:\/\/yoast.com\/wordpress\/plugins\/seo\/ -->\n<title>Mog\u00e1n se promociona en el mercado alem\u00e1n en la ITB Berl\u00edn - Anfi Challenge Mogan - Gran Canaria<\/title>\n<meta name=\"robots\" content=\"index, follow, max-snippet:-1, max-image-preview:large, max-video-preview:-1\" \/>\n<link rel=\"canonical\" href=\"https:\/\/challenge-grancanaria.com\/news\/mogan-se-promociona-en-el-mercado-aleman-en-la-itb-berlin\/\" \/>\n<meta property=\"og:locale\" content=\"en_US\" \/>\n<meta property=\"og:type\" content=\"article\" \/>\n<meta property=\"og:title\" content=\"Mog\u00e1n se promociona en el mercado alem\u00e1n en la ITB Berl\u00edn - Anfi Challenge Mogan - Gran Canaria\" \/>\n<meta property=\"og:description\" content=\"Mog\u00e1n se promociona en el mercado alem\u00e1n en la ITB Berl\u00edn El primer teniente de alcalde de Mog\u00e1n, Mencey Navarro, y el concejal de Deportes, Luis Becerra, exhiben desde hoy y hasta el jueves 9 de marzo en la ITB Berl\u00edn, una de las ferias de turismo m\u00e1s importantes del mundo, las nuevas infraestructuras del [&hellip;]\" \/>\n<meta property=\"og:url\" content=\"https:\/\/challenge-grancanaria.com\/news\/mogan-se-promociona-en-el-mercado-aleman-en-la-itb-berlin\/\" \/>\n<meta property=\"og:site_name\" content=\"Anfi Challenge Mogan - Gran Canaria\" \/>\n<meta property=\"article:published_time\" content=\"2023-03-07T17:36:51+00:00\" \/>\n<meta property=\"og:image\" content=\"https:\/\/challenge-grancanaria.com\/wp-content\/uploads\/sites\/18\/2023\/03\/331594697_4240260112864902_3139848160384969602_n.jpeg\" \/>\n\t<meta property=\"og:image:width\" content=\"960\" \/>\n\t<meta property=\"og:image:height\" content=\"720\" \/>\n\t<meta property=\"og:image:type\" content=\"image\/jpeg\" \/>\n<meta name=\"author\" content=\"Challenge Canarias\" \/>\n<meta name=\"twitter:card\" content=\"summary_large_image\" \/>\n<meta name=\"twitter:label1\" content=\"Written by\" \/>\n\t<meta name=\"twitter:data1\" content=\"Challenge Canarias\" \/>\n\t<meta name=\"twitter:label2\" content=\"Est. reading time\" \/>\n\t<meta name=\"twitter:data2\" content=\"4 minutes\" \/>\n<script type=\"application\/ld+json\" class=\"yoast-schema-graph\">{\"@context\":\"https:\/\/schema.org\",\"@graph\":[{\"@type\":\"WebPage\",\"@id\":\"https:\/\/challenge-grancanaria.com\/news\/mogan-se-promociona-en-el-mercado-aleman-en-la-itb-berlin\/\",\"url\":\"https:\/\/challenge-grancanaria.com\/news\/mogan-se-promociona-en-el-mercado-aleman-en-la-itb-berlin\/\",\"name\":\"Mog\u00e1n se promociona en el mercado alem\u00e1n en la ITB Berl\u00edn - Anfi Challenge Mogan - Gran Canaria\",\"isPartOf\":{\"@id\":\"https:\/\/challenge-grancanaria.com\/#website\"},\"primaryImageOfPage\":{\"@id\":\"https:\/\/challenge-grancanaria.com\/news\/mogan-se-promociona-en-el-mercado-aleman-en-la-itb-berlin\/#primaryimage\"},\"image\":{\"@id\":\"https:\/\/challenge-grancanaria.com\/news\/mogan-se-promociona-en-el-mercado-aleman-en-la-itb-berlin\/#primaryimage\"},\"thumbnailUrl\":\"https:\/\/challenge-grancanaria.com\/wp-content\/uploads\/sites\/18\/2023\/03\/331594697_4240260112864902_3139848160384969602_n.jpeg\",\"datePublished\":\"2023-03-07T17:36:51+00:00\",\"author\":{\"@id\":\"https:\/\/challenge-grancanaria.com\/#\/schema\/person\/0db66cb64684e650770370a52770ee1c\"},\"breadcrumb\":{\"@id\":\"https:\/\/challenge-grancanaria.com\/news\/mogan-se-promociona-en-el-mercado-aleman-en-la-itb-berlin\/#breadcrumb\"},\"inLanguage\":\"en-US\",\"potentialAction\":[{\"@type\":\"ReadAction\",\"target\":[\"https:\/\/challenge-grancanaria.com\/news\/mogan-se-promociona-en-el-mercado-aleman-en-la-itb-berlin\/\"]}]},{\"@type\":\"ImageObject\",\"inLanguage\":\"en-US\",\"@id\":\"https:\/\/challenge-grancanaria.com\/news\/mogan-se-promociona-en-el-mercado-aleman-en-la-itb-berlin\/#primaryimage\",\"url\":\"https:\/\/challenge-grancanaria.com\/wp-content\/uploads\/sites\/18\/2023\/03\/331594697_4240260112864902_3139848160384969602_n.jpeg\",\"contentUrl\":\"https:\/\/challenge-grancanaria.com\/wp-content\/uploads\/sites\/18\/2023\/03\/331594697_4240260112864902_3139848160384969602_n.jpeg\",\"width\":960,\"height\":720},{\"@type\":\"BreadcrumbList\",\"@id\":\"https:\/\/challenge-grancanaria.com\/news\/mogan-se-promociona-en-el-mercado-aleman-en-la-itb-berlin\/#breadcrumb\",\"itemListElement\":[{\"@type\":\"ListItem\",\"position\":1,\"name\":\"Home\",\"item\":\"https:\/\/challenge-grancanaria.com\/en\/\"},{\"@type\":\"ListItem\",\"position\":2,\"name\":\"Mog\u00e1n se promociona en el mercado alem\u00e1n en la ITB Berl\u00edn\"}]},{\"@type\":\"WebSite\",\"@id\":\"https:\/\/challenge-grancanaria.com\/#website\",\"url\":\"https:\/\/challenge-grancanaria.com\/\",\"name\":\"Anfi Challenge Mogan - Gran Canaria\",\"description\":\"We are triathlon\",\"potentialAction\":[{\"@type\":\"SearchAction\",\"target\":{\"@type\":\"EntryPoint\",\"urlTemplate\":\"https:\/\/challenge-grancanaria.com\/?s={search_term_string}\"},\"query-input\":{\"@type\":\"PropertyValueSpecification\",\"valueRequired\":true,\"valueName\":\"search_term_string\"}}],\"inLanguage\":\"en-US\"},{\"@type\":\"Person\",\"@id\":\"https:\/\/challenge-grancanaria.com\/#\/schema\/person\/0db66cb64684e650770370a52770ee1c\",\"name\":\"Challenge Canarias\",\"image\":{\"@type\":\"ImageObject\",\"inLanguage\":\"en-US\",\"@id\":\"https:\/\/challenge-grancanaria.com\/#\/schema\/person\/image\/\",\"url\":\"https:\/\/secure.gravatar.com\/avatar\/4ead8c32fe4b679a78b03c2dc1d3661a?s=96&d=mm&r=g\",\"contentUrl\":\"https:\/\/secure.gravatar.com\/avatar\/4ead8c32fe4b679a78b03c2dc1d3661a?s=96&d=mm&r=g\",\"caption\":\"Challenge Canarias\"},\"url\":\"https:\/\/challenge-grancanaria.com\/en\/news\/author\/jordi\/\"}]}<\/script>\n<!-- \/ Yoast SEO plugin. -->","yoast_head_json":{"title":"Mog\u00e1n se promociona en el mercado alem\u00e1n en la ITB Berl\u00edn - Anfi Challenge Mogan - Gran Canaria","robots":{"index":"index","follow":"follow","max-snippet":"max-snippet:-1","max-image-preview":"max-image-preview:large","max-video-preview":"max-video-preview:-1"},"canonical":"https:\/\/challenge-grancanaria.com\/news\/mogan-se-promociona-en-el-mercado-aleman-en-la-itb-berlin\/","og_locale":"en_US","og_type":"article","og_title":"Mog\u00e1n se promociona en el mercado alem\u00e1n en la ITB Berl\u00edn - Anfi Challenge Mogan - Gran Canaria","og_description":"Mog\u00e1n se promociona en el mercado alem\u00e1n en la ITB Berl\u00edn El primer teniente de alcalde de Mog\u00e1n, Mencey Navarro, y el concejal de Deportes, Luis Becerra, exhiben desde hoy y hasta el jueves 9 de marzo en la ITB Berl\u00edn, una de las ferias de turismo m\u00e1s importantes del mundo, las nuevas infraestructuras del [&hellip;]","og_url":"https:\/\/challenge-grancanaria.com\/news\/mogan-se-promociona-en-el-mercado-aleman-en-la-itb-berlin\/","og_site_name":"Anfi Challenge Mogan - Gran Canaria","article_published_time":"2023-03-07T17:36:51+00:00","og_image":[{"width":960,"height":720,"url":"https:\/\/challenge-grancanaria.com\/wp-content\/uploads\/sites\/18\/2023\/03\/331594697_4240260112864902_3139848160384969602_n.jpeg","type":"image\/jpeg"}],"author":"Challenge Canarias","twitter_card":"summary_large_image","twitter_misc":{"Written by":"Challenge Canarias","Est. reading time":"4 minutes"},"schema":{"@context":"https:\/\/schema.org","@graph":[{"@type":"WebPage","@id":"https:\/\/challenge-grancanaria.com\/news\/mogan-se-promociona-en-el-mercado-aleman-en-la-itb-berlin\/","url":"https:\/\/challenge-grancanaria.com\/news\/mogan-se-promociona-en-el-mercado-aleman-en-la-itb-berlin\/","name":"Mog\u00e1n se promociona en el mercado alem\u00e1n en la ITB Berl\u00edn - Anfi Challenge Mogan - Gran Canaria","isPartOf":{"@id":"https:\/\/challenge-grancanaria.com\/#website"},"primaryImageOfPage":{"@id":"https:\/\/challenge-grancanaria.com\/news\/mogan-se-promociona-en-el-mercado-aleman-en-la-itb-berlin\/#primaryimage"},"image":{"@id":"https:\/\/challenge-grancanaria.com\/news\/mogan-se-promociona-en-el-mercado-aleman-en-la-itb-berlin\/#primaryimage"},"thumbnailUrl":"https:\/\/challenge-grancanaria.com\/wp-content\/uploads\/sites\/18\/2023\/03\/331594697_4240260112864902_3139848160384969602_n.jpeg","datePublished":"2023-03-07T17:36:51+00:00","author":{"@id":"https:\/\/challenge-grancanaria.com\/#\/schema\/person\/0db66cb64684e650770370a52770ee1c"},"breadcrumb":{"@id":"https:\/\/challenge-grancanaria.com\/news\/mogan-se-promociona-en-el-mercado-aleman-en-la-itb-berlin\/#breadcrumb"},"inLanguage":"en-US","potentialAction":[{"@type":"ReadAction","target":["https:\/\/challenge-grancanaria.com\/news\/mogan-se-promociona-en-el-mercado-aleman-en-la-itb-berlin\/"]}]},{"@type":"ImageObject","inLanguage":"en-US","@id":"https:\/\/challenge-grancanaria.com\/news\/mogan-se-promociona-en-el-mercado-aleman-en-la-itb-berlin\/#primaryimage","url":"https:\/\/challenge-grancanaria.com\/wp-content\/uploads\/sites\/18\/2023\/03\/331594697_4240260112864902_3139848160384969602_n.jpeg","contentUrl":"https:\/\/challenge-grancanaria.com\/wp-content\/uploads\/sites\/18\/2023\/03\/331594697_4240260112864902_3139848160384969602_n.jpeg","width":960,"height":720},{"@type":"BreadcrumbList","@id":"https:\/\/challenge-grancanaria.com\/news\/mogan-se-promociona-en-el-mercado-aleman-en-la-itb-berlin\/#breadcrumb","itemListElement":[{"@type":"ListItem","position":1,"name":"Home","item":"https:\/\/challenge-grancanaria.com\/en\/"},{"@type":"ListItem","position":2,"name":"Mog\u00e1n se promociona en el mercado alem\u00e1n en la ITB Berl\u00edn"}]},{"@type":"WebSite","@id":"https:\/\/challenge-grancanaria.com\/#website","url":"https:\/\/challenge-grancanaria.com\/","name":"Anfi Challenge Mogan - Gran Canaria","description":"We are triathlon","potentialAction":[{"@type":"SearchAction","target":{"@type":"EntryPoint","urlTemplate":"https:\/\/challenge-grancanaria.com\/?s={search_term_string}"},"query-input":{"@type":"PropertyValueSpecification","valueRequired":true,"valueName":"search_term_string"}}],"inLanguage":"en-US"},{"@type":"Person","@id":"https:\/\/challenge-grancanaria.com\/#\/schema\/person\/0db66cb64684e650770370a52770ee1c","name":"Challenge Canarias","image":{"@type":"ImageObject","inLanguage":"en-US","@id":"https:\/\/challenge-grancanaria.com\/#\/schema\/person\/image\/","url":"https:\/\/secure.gravatar.com\/avatar\/4ead8c32fe4b679a78b03c2dc1d3661a?s=96&d=mm&r=g","contentUrl":"https:\/\/secure.gravatar.com\/avatar\/4ead8c32fe4b679a78b03c2dc1d3661a?s=96&d=mm&r=g","caption":"Challenge Canarias"},"url":"https:\/\/challenge-grancanaria.com\/en\/news\/author\/jordi\/"}]}},"_links":{"self":[{"href":"https:\/\/challenge-grancanaria.com\/en\/wp-json\/wp\/v2\/posts\/2967"}],"collection":[{"href":"https:\/\/challenge-grancanaria.com\/en\/wp-json\/wp\/v2\/posts"}],"about":[{"href":"https:\/\/challenge-grancanaria.com\/en\/wp-json\/wp\/v2\/types\/post"}],"author":[{"embeddable":true,"href":"https:\/\/challenge-grancanaria.com\/en\/wp-json\/wp\/v2\/users\/24"}],"replies":[{"embeddable":true,"href":"https:\/\/challenge-grancanaria.com\/en\/wp-json\/wp\/v2\/comments?post=2967"}],"version-history":[{"count":6,"href":"https:\/\/challenge-grancanaria.com\/en\/wp-json\/wp\/v2\/posts\/2967\/revisions"}],"predecessor-version":[{"id":2974,"href":"https:\/\/challenge-grancanaria.com\/en\/wp-json\/wp\/v2\/posts\/2967\/revisions\/2974"}],"wp:featuredmedia":[{"embeddable":true,"href":"https:\/\/challenge-grancanaria.com\/en\/wp-json\/wp\/v2\/media\/2968"}],"wp:attachment":[{"href":"https:\/\/challenge-grancanaria.com\/en\/wp-json\/wp\/v2\/media?parent=2967"}],"wp:term":[{"taxonomy":"category","embeddable":true,"href":"https:\/\/challenge-grancanaria.com\/en\/wp-json\/wp\/v2\/categories?post=2967"},{"taxonomy":"post_tag","embeddable":true,"href":"https:\/\/challenge-grancanaria.com\/en\/wp-json\/wp\/v2\/tags?post=2967"}],"curies":[{"name":"wp","href":"https:\/\/api.w.org\/{rel}","templated":true}]}}